{"id":7238,"date":"2022-10-27T15:38:59","date_gmt":"2022-10-27T14:38:59","guid":{"rendered":"https:\/\/gyorgyradnai.eu\/?p=7238"},"modified":"2022-10-27T15:39:00","modified_gmt":"2022-10-27T14:39:00","slug":"beszelgetes-25","status":"publish","type":"post","link":"https:\/\/gyorgyradnai.eu\/beszelgetes-25\/","title":{"rendered":"BESZ\u00c9LGET\u00c9S"},"content":{"rendered":"\n\n\n<p>Tudod, annak idej\u00e9n, \u201eamikor \u00e9n m\u00e9g kis-sr\u00e1c voltam\u201d, \u00fagy \u00f6tven\u00f6t \u00e9vvel ezel\u0151tt, megtanultam ezt a verset, de nem az\u00e9rt, mert k\u00f6telez\u0151 volt, egy\u00e1ltal\u00e1n nem az\u00e9rt, hanem csak \u00fagy, mert elolvastam \u00e9s \u00fajraolvastam, azt\u00e1n megint \u00e9s a v\u00e9g\u00e9n megmaradt, mert a versek ilyenek, megmaradnak:<\/p>\n<p>\u00a0<\/p>\n<p><em>A v\u00e1ros perem\u00e9n, ahol \u00e9lek,<\/em><\/p>\n<p><em>beoml\u00f3 alkonyokon<\/em><\/p>\n<p><em>mint pici denev\u00e9rek, puha<\/em><\/p>\n<p><em>sz\u00e1rnyakon sz\u00e1ll a korom,<\/em><\/p>\n<p><em>s lerak\u00f3dik, mint a guan\u00f3,<\/em><\/p>\n<p><em>kem\u00e9nyen, vastagon.<\/em><\/p>\n<p><em>\u00a0<\/em><\/p>\n<p><em>Lelk\u00fcnkre \u00edgy \u00fcl ez a kor.<\/em><\/p>\n<p>\u00a0<\/p>\n<p>Most m\u00e1r nem tudom az eg\u00e9szet, m\u00e9gis, <em>ahogy<\/em> \u00e9lek, <em>amikor<\/em> \u2013 \u00e9s bizony gyakran, egyre gyakrabban \u2013 t\u00f6rt\u00e9nik valami, f\u00f6l-f\u00f6lbukkan a kisagyamban \u00e9s olyankor itt ragad, motoszk\u00e1l a fejemben ingerl\u0151en, m\u00e9g most is, \u00edgy, a hetvenharmadikban is cselekv\u00e9sre-k\u00e9sztet\u0151en, ahogy m\u00e9g tudok. Pedig \u00e9n nem is a v\u00e1ros perem\u00e9n \u00e9lek (b\u00e1r v\u00e1ros-peremi sr\u00e1c vagyok), itt csak a por, az elmaradhatatlan sz\u00fcrke por ereszkedik al\u00e1 \u00e9s bor\u00edt be mindent, semmit sem k\u00edm\u00e9l. Itt nem seg\u00edt az es\u0151, h\u00f3 sem \u2013 m\u00e1r nem is hullik id\u0151tlen id\u0151k \u00f3ta a magasb\u00f3l. H\u00e1t lerak\u00f3dik. K\u00edv\u00fcl is, bel\u00fcl is.<\/p>\n<p>\u00a0<\/p>\n<p><em>Lelk\u00fcnkre \u00edgy \u00fcl ez a kor.<\/em><\/p>\n<p>\u00a0<\/p>\n<p>Mindent ellep, bebor\u00edt. Most a tan\u00e1rok vannak soron, tegnap a rendv\u00e9delmisek, az eg\u00e9szs\u00e9g\u00fcgyben dolgoz\u00f3k, m\u00e9g kor\u00e1bban, kezdetben a k\u00f6zszolg\u00e1latban \u2013 az el\u0151z\u0151, \u201egyurcs\u00e1nista-bajnaista\u201d id\u0151kb\u0151l ott maradt \u2013 dolgoz\u00f3k voltak. Azt\u00e1n szinte mindenkire sor ker\u00fclt. Mert tizenk\u00e9t \u00e9v alatt a <em>pici denev\u00e9rek<\/em> mindenhova eljutottak. <em>Beoml\u00f3 alkony<\/em> lett a h\u00e1tt\u00e9r \u2013 \u00fagy l\u00e1tjuk most \u2013 \u00f6r\u00f6kre megv\u00e1ltoztathatatlanul.<\/p>\n<p>\u00a0<\/p>\n<p><em>Lelk\u00fcnkre \u00edgy \u00fcl ez a kor.<\/em><\/p>\n<p>\u00a0<\/p>\n<p>Mi nem ejtj\u00fck <em>m\u00e1sk\u00e9nt<\/em> a sz\u00f3t, fej\u00fcnk\u00f6n sem tapad <em>m\u00e1sk\u00e9nt<\/em> a haj, mi most nem az <em>emberis\u00e9g\u00e9rt<\/em> akarunk helyt \u00e1llni <em>az \u00f6r\u00f6k talajon<\/em>; tal\u00e1n csak magunk\u00e9rt, a gyerekeink\u00e9rt; \u00fajra <em>papokat<\/em>, <em>katon\u00e1kat<\/em> hallgatunk; j\u00f3, ha n\u00e9ha-n\u00e9ha <em>polg\u00e1rokba<\/em> \u00fctk\u00f6z\u00fcnk. Mi (tal\u00e1n csak m\u00e9g nem) nem vagyunk \u00faj anyag, csak <em>e sz\u00f6rny\u0171 t\u00e1rsadalom \u00f6nt\u0151form\u00e1iba<\/em> l\u00f6ttyintett val\u00f3 anyag, emberh\u00fast\u00f6meg, ami n\u00e9hol csak \u00fagy, tal\u00e1n k\u00edv\u00e1ncsis\u00e1gb\u00f3l ki-kil\u00f6ttyen abb\u00f3l a form\u00e1b\u00f3l; <em>sz\u00e1ll\u00e1sainkon megint \u00e9h\u00edns\u00e9g, fegyver, vakhit \u00e9s Covid d\u00fal<\/em>.<\/p>\n<p>\u00a0<\/p>\n<p><em>Lelk\u00fcnkre \u00edgy \u00fcl ez a kor.<\/em><\/p>\n<p>\u00a0<\/p>\n<p>\u00c9rted te ezt? \u00c9rtetted a k\u00f6lt\u0151t, aki 1933(!) tavasz\u00e1n m\u00e1st, m\u00e9gis t\u00f6bbet l\u00e1tott, vett \u00e9szre az internet-n\u00e9lk\u00fcli fasiz\u00e1l\u00f3d\u00f3 vil\u00e1gb\u00f3l?! Mi most mi\u00e9rt nem vessz\u00fck \u00e9szre, mi\u00e9rt nem hisz\u00fcnk a szem\u00fcnknek, a f\u00fcl\u00fcnknek, a l\u00e1t\u00f3-k\u00f6lt\u0151knek?! Csak, mert <em>cs\u00f6r\u00f6mp\u00f6l a sz\u00f3 ajkukb\u00f3l<\/em> \u00e9s nem im\u00e1t cs\u00f6r\u00f6mp\u00f6l?! Pedig mindannyian v\u00e1rosperemiek vagyunk!<\/p>\n<p><em>Lelk\u00fcnkre \u00edgy \u00fcl ez a kor.<\/em><\/p>\n<p>\u00a0<\/p>\n<p>Tudod, annak idej\u00e9n, \u201eamikor \u00e9n m\u00e9g kis-sr\u00e1c voltam\u201d, \u00fagy \u00f6tven\u00f6t \u00e9vvel ezel\u0151tt, megtanultam ezt a verset, de nem az\u00e9rt, mert k\u00f6telez\u0151 volt, egy\u00e1ltal\u00e1n nem az\u00e9rt, hanem csak \u00fagy, mert elolvastam \u00e9s \u00fajraolvastam, azt\u00e1n megint \u00e9s a v\u00e9g\u00e9n megmaradt, mert a versek ilyenek, megmaradnak benned:<\/p>\n<p>\u00a0<\/p>\n<p><em>A v\u00e1ros perem\u00e9n siv\u00edt e dal.<\/em><em><br \/>A k\u00f6lt\u0151, a rokon,<br \/>n\u00e9zi, csak n\u00e9zi, hull, csak hull a<br \/>k\u00f6v\u00e9r, puha korom,<br \/>s lerak\u00f3dik, mint a `guan\u00f3`,<br \/>kem\u00e9nyen, vastagon\u2026<\/em><\/p>\n<p><em>\u00a0<\/em><\/p>\n<p>Ugye neked is vannak verseid\u2026<\/p>\n<p>\u00a0<\/p>\n<ol start=\"2022\">\n<li>10. 27. cs\u00fct\u00f6rt\u00f6k k\u00e9tsz\u00e1z-negyvennegyedik nap<\/li>\n<\/ol>\n","protected":false},"excerpt":{"rendered":"<p>Tudod, annak idej\u00e9n, \u201eamikor \u00e9n m\u00e9g kis-sr\u00e1c voltam\u201d, \u00fagy \u00f6tven\u00f6t \u00e9vvel ezel\u0151tt, megtanultam ezt a verset, de nem az\u00e9rt, mert k\u00f6telez\u0151 volt, egy\u00e1ltal\u00e1n nem az\u00e9rt, hanem csak \u00fagy, mert elolvastam \u00e9s \u00fajraolvastam, azt\u00e1n megint \u00e9s a v\u00e9g\u00e9n megmaradt, mert a versek ilyenek, megmaradnak: \u00a0 A v\u00e1ros perem\u00e9n, ahol \u00e9lek, beoml\u00f3 alkonyokon mint pici denev\u00e9rek, puha [&hellip;]<\/p>\n","protected":false},"author":1,"featured_media":7239,"comment_status":"open","ping_status":"open","sticky":false,"template":"","format":"aside","meta":{"footnotes":""},"categories":[2],"tags":[639],"class_list":["post-7238","post","type-post","status-publish","format-aside","has-post-thumbnail","hentry","category-bejegyzes","tag-ner","post_format-post-format-aside"],"_links":{"self":[{"href":"https:\/\/gyorgyradnai.eu\/wp-json\/wp\/v2\/posts\/7238","targetHints":{"allow":["GET"]}}],"collection":[{"href":"https:\/\/gyorgyradnai.eu\/wp-json\/wp\/v2\/posts"}],"about":[{"href":"https:\/\/gyorgyradnai.eu\/wp-json\/wp\/v2\/types\/post"}],"author":[{"embeddable":true,"href":"https:\/\/gyorgyradnai.eu\/wp-json\/wp\/v2\/users\/1"}],"replies":[{"embeddable":true,"href":"https:\/\/gyorgyradnai.eu\/wp-json\/wp\/v2\/comments?post=7238"}],"version-history":[{"count":1,"href":"https:\/\/gyorgyradnai.eu\/wp-json\/wp\/v2\/posts\/7238\/revisions"}],"predecessor-version":[{"id":7240,"href":"https:\/\/gyorgyradnai.eu\/wp-json\/wp\/v2\/posts\/7238\/revisions\/7240"}],"wp:featuredmedia":[{"embeddable":true,"href":"https:\/\/gyorgyradnai.eu\/wp-json\/wp\/v2\/media\/7239"}],"wp:attachment":[{"href":"https:\/\/gyorgyradnai.eu\/wp-json\/wp\/v2\/media?parent=7238"}],"wp:term":[{"taxonomy":"category","embeddable":true,"href":"https:\/\/gyorgyradnai.eu\/wp-json\/wp\/v2\/categories?post=7238"},{"taxonomy":"post_tag","embeddable":true,"href":"https:\/\/gyorgyradnai.eu\/wp-json\/wp\/v2\/tags?post=7238"}],"curies":[{"name":"wp","href":"https:\/\/api.w.org\/{rel}","templated":true}]}}