{"id":7336,"date":"2022-12-03T21:13:55","date_gmt":"2022-12-03T20:13:55","guid":{"rendered":"https:\/\/gyorgyradnai.eu\/?p=7336"},"modified":"2022-12-03T21:13:55","modified_gmt":"2022-12-03T20:13:55","slug":"sminkszoba","status":"publish","type":"post","link":"https:\/\/gyorgyradnai.eu\/sminkszoba\/","title":{"rendered":"SMINKSZOBA"},"content":{"rendered":"\n\n\n<p><strong>SMINKSZOBA<\/strong><\/p>\n<p>Ezek szerint sminkelni (<span style=\"text-decoration: line-through;\">is<\/span>) kell.<\/p>\n<p>Hisz\u2019 sminkszob\u00e1t is kapott.<\/p>\n<p>A mindig mosolyg\u00f3s \u201ef\u00fclbeval\u00f3s\u201d-t.<\/p>\n<p>Kell r\u00e1 a p\u00fader.<\/p>\n<p>A piros\u00edt\u00f3 \u2013 mit nem \u00edrok: a \u201enarancsos\u00edt\u00f3\u201d.<\/p>\n<p>De m\u00e9gsem el\u00e9g r\u00e1.<\/p>\n<p>A smink m\u00e1r nem takar eleget.<\/p>\n<p>\u201eAzok\u201d a foltok \u00e1t\u00fctnek.<\/p>\n<p>M\u00e1r a \u201eprofi\u201d pakol\u00e1son is.<\/p>\n<p>\u00a0<\/p>\n<p>M\u00e1r Magyarorsz\u00e1g is sminkben!<\/p>\n<p>M\u00e1r \u201esmink\u201d bor\u00edtja.<\/p>\n<p>Aki \u2013 a hat\u00e1ron t\u00falr\u00f3l \u2013 r\u00e1n\u00e9z, azt sem tudja mi van alatta.<\/p>\n<p>Smink n\u00e9lk\u00fcl m\u00e1r r\u00e1 sem ismern\u00e9nek.<\/p>\n<p>Vajon mit, kiket takar a smink?<\/p>\n<p>\u201e&#8230; erd\u0151t, f\u00fctty\u00f6s gy\u00fcm\u00f6lcs\u00f6st, sz\u00f6ll\u0151t \u00e9s s\u00edrokat,<br \/>a s\u00edrok k\u00f6zt any\u00f3k\u00e1t, ki halkan s\u00edrogat&#8230;\u201d?<\/p>\n<p>Smink takarja.<\/p>\n<p>Vajon mi van alatta?<\/p>\n<p>T\u00f6bbs\u00e9get-e, kisebbs\u00e9get-e; vagy csak a korm\u00e1nyt, az uralkod\u00f3 p\u00e1rtot-hatalmat?<\/p>\n<p>Mi lehet a \u201eprofi\u201d pakol\u00e1s alatt?!<\/p>\n<p>\u00a0<\/p>\n<p>Ki van a smink alatt: egy k\u00f6zt\u00e1rsas\u00e1gi eln\u00f6k-asszony f\u00fclbeval\u00f3val, egy \u201e\u00e9n m\u00e9g sohasem hazudtam\u201d focim\u00e1ni\u00e1s minisztereln\u00f6k, egy min\u0151s\u00edthetetlen h\u00e1zmester, milli\u00e1rdos str\u00f3mam\u00e1k, \u00fajgazdag @eggnyal\u00f3k, hivatalnok lak\u00e1jok, milli\u00f3s jutalmakkal tanker\u00fcleti igazgat\u00f3k??<\/p>\n<p>Ott van-e a \u201ebakterh\u00e1z s a bakter el\u0151tte\u201d, s az a k\u0151 is, amire \u201eaz iskol\u00e1ba menv\u00e9n, a j\u00e1rda perem\u00e9n, hogy ne feleljek aznap&#8230;\u201d, h\u00e1t a di\u00e1kok, tan\u00e1rok?<\/p>\n<p>Nem, \u0151k nincsenek ott, nekik nincs is sminkszob\u00e1juk&#8230;<\/p>\n<ol start=\"2022\">\n<li>12. 03. szombat k\u00e9tsz\u00e1z-nyolcvanegyedik nap<\/li>\n<\/ol>\n<p>#NER #Orb\u00e1n<\/p>\n","protected":false},"excerpt":{"rendered":"<p>SMINKSZOBA Ezek szerint sminkelni (is) kell. Hisz\u2019 sminkszob\u00e1t is kapott. A mindig mosolyg\u00f3s \u201ef\u00fclbeval\u00f3s\u201d-t. Kell r\u00e1 a p\u00fader. A piros\u00edt\u00f3 \u2013 mit nem \u00edrok: a \u201enarancsos\u00edt\u00f3\u201d. De m\u00e9gsem el\u00e9g r\u00e1. A smink m\u00e1r nem takar eleget. \u201eAzok\u201d a foltok \u00e1t\u00fctnek. M\u00e1r a \u201eprofi\u201d pakol\u00e1son is. \u00a0 M\u00e1r Magyarorsz\u00e1g is sminkben! M\u00e1r \u201esmink\u201d bor\u00edtja. Aki \u2013 [&hellip;]<\/p>\n","protected":false},"author":1,"featured_media":7305,"comment_status":"open","ping_status":"open","sticky":false,"template":"","format":"aside","meta":{"footnotes":""},"categories":[2],"tags":[639],"class_list":["post-7336","post","type-post","status-publish","format-aside","has-post-thumbnail","hentry","category-bejegyzes","tag-ner","post_format-post-format-aside"],"_links":{"self":[{"href":"https:\/\/gyorgyradnai.eu\/wp-json\/wp\/v2\/posts\/7336","targetHints":{"allow":["GET"]}}],"collection":[{"href":"https:\/\/gyorgyradnai.eu\/wp-json\/wp\/v2\/posts"}],"about":[{"href":"https:\/\/gyorgyradnai.eu\/wp-json\/wp\/v2\/types\/post"}],"author":[{"embeddable":true,"href":"https:\/\/gyorgyradnai.eu\/wp-json\/wp\/v2\/users\/1"}],"replies":[{"embeddable":true,"href":"https:\/\/gyorgyradnai.eu\/wp-json\/wp\/v2\/comments?post=7336"}],"version-history":[{"count":1,"href":"https:\/\/gyorgyradnai.eu\/wp-json\/wp\/v2\/posts\/7336\/revisions"}],"predecessor-version":[{"id":7337,"href":"https:\/\/gyorgyradnai.eu\/wp-json\/wp\/v2\/posts\/7336\/revisions\/7337"}],"wp:featuredmedia":[{"embeddable":true,"href":"https:\/\/gyorgyradnai.eu\/wp-json\/wp\/v2\/media\/7305"}],"wp:attachment":[{"href":"https:\/\/gyorgyradnai.eu\/wp-json\/wp\/v2\/media?parent=7336"}],"wp:term":[{"taxonomy":"category","embeddable":true,"href":"https:\/\/gyorgyradnai.eu\/wp-json\/wp\/v2\/categories?post=7336"},{"taxonomy":"post_tag","embeddable":true,"href":"https:\/\/gyorgyradnai.eu\/wp-json\/wp\/v2\/tags?post=7336"}],"curies":[{"name":"wp","href":"https:\/\/api.w.org\/{rel}","templated":true}]}}