{"id":7368,"date":"2022-12-19T15:54:15","date_gmt":"2022-12-19T14:54:15","guid":{"rendered":"https:\/\/gyorgyradnai.eu\/?p=7368"},"modified":"2022-12-19T15:54:16","modified_gmt":"2022-12-19T14:54:16","slug":"konzultacio-konzultacio","status":"publish","type":"post","link":"https:\/\/gyorgyradnai.eu\/konzultacio-konzultacio\/","title":{"rendered":"KONZULT\u00c1CI\u00d3 &#8211; KONZULT\u00c1CI\u00d3?!"},"content":{"rendered":"\n\n\n<p><strong>KONZULT\u00c1CI\u00d3 \u2013 KONZULT\u00c1CI\u00d3?!<\/strong><\/p>\n<p>(Avagy: a h\u0151m\u00e9r\u0151 nem <a href=\"https:\/\/hvg.hu\/itthon\/20221218_Nem_engedtek_a_diakoknak_hogy_kabatot_vegyenek_a_diakok_15_fokban_kellett_fagyoskodniuk\">iskolaeszk\u00f6z<\/a>, nem val\u00f3 az iskolat\u00e1sk\u00e1ba\u2026)<\/p>\n<p>\u00a0<\/p>\n<p>Persze engem nem h\u00edvtak meg. \u00c9n \u201ecsak\u201d egy \u201eolyan\u201d \u00e9s n\u00e9vtelen nagypapa vagyok, h\u00e1rom unok\u00e1val, akik k\u00f6z\u00fcl a legnagyobb egyetemista-l\u00e1ny, a k\u00f6z\u00e9ps\u0151 \u00e1ltal\u00e1nosba j\u00e1r, a legkisebb m\u00e9g ovis \u00e9s falm\u00e1sz\u00f3! Viszont nekem is vannak tan\u00e1rn\u0151 \u00e9s tan\u00e1r rokonaim, ismer\u0151seim, bar\u00e1taim \u2013 \u00edgy, b\u00e1r \u00e9n \u201esem \u00e9rtek az oktat\u00e1shoz\u201d, de hogyan is mondta a bel\u00fcgy\u00e9r-rendm\u00e1ni\u00e1s-milli\u00e1rdos&#8230; mindegy.<\/p>\n<p>Olvasom a \u201e<a href=\"https:\/\/www.facebook.com\/sziatanarno\">Szia, Tan\u00e1rn\u0151<\/a>\u201d bejegyz\u00e9s\u00e9t a Fac\u00e9n: \u0151 ott volt az \u201eismeretlen szempontok \u00e9s elk\u00e9pzel\u00e9sek alapj\u00e1n \u00f6sszeh\u00edvott\u201d \u201eaz oktat\u00e1s miniparlamentjek\u00e9nt\u201d (R\u00e9tv\u00e1ri Bence megfogalmaz\u00e1sa) aposztrof\u00e1lt \u201eiz\u00e9n\u201d, amivel \u2013 szerinte \u2013 a szervez\u0151k c\u00e9lja az volt, hogy megmutass\u00e1k a k\u00f6zv\u00e9lem\u00e9nynek: vannak a renitens elitiskol\u00e1k polg\u00e1ri engedetlenked\u0151 tan\u00e1rai \u00e9s vannak a kisebb int\u00e9zm\u00e9nyek tan\u00edtani akar\u00f3, hazafis\u00e1gra nevel\u0151 pedag\u00f3gusai. Micsoda k\u00fcl\u00f6nbs\u00e9g van k\u00f6zt\u00fck(?)! \u00c9s m\u00e1r k\u00e9szen is van a szemben\u00e1ll\u00e1s, m\u00e1r csak szikra kell, hogy egym\u00e1snak ugorjanak. (\u201eMinden remek, a bel\u00fcgy m\u00e1r csak egy poh\u00e1r s\u00f6rt k\u00e9r.\u201d)<\/p>\n<p>R\u00e1\u00edrok a vid\u00e9ki-ismer\u0151s tan\u00e1rn\u0151re, l\u00e1tta-e a v\u00e9lem\u00e9nyt, azonnal reag\u00e1l, \u201ek\u00f6sz\u00f6ni, m\u00e9g nem\u201d \u00e9s m\u00e1r \u00f6mlik is bel\u0151le a keser\u0171s\u00e9g, a f\u00e1jdalom, a \u201ehangos jaj-ki\u00e1lt\u00e1s\u201d: \u201e\u2026 Nem volt t\u0151l\u00fcnk senki. Sajnos itt n\u00e1lunk is az a legnagyobb probl\u00e9ma, hogy b\u00e1r lenne\/van k\u00f6z\u00f6tt\u00fcnk sok el\u00e9gedetlen, aki belemenne, hogy sztr\u00e1jkoljunk, de m\u00e1r a tavaszi sztr\u00e1jk el\u0151tt is nyomat\u00e9kosan k\u00e9rte az igazgat\u00f3nk, hogy ne tegy\u00fck. Sajnos \u0151 a tanker\u00fcletnek akar minden esetben megfelelni, \u00e9s nem igaz\u00e1n \u00e1ll ki mellett\u00fcnk a tanker\u00fclettel szemben, ha probl\u00e9ma van. Mindegy, csak legyen ell\u00e1tva a feladat. Az nem sz\u00e1m\u00edt, hogy a legt\u00f6bben full 26 \u00f3r\u00e1ban dolgozunk \u00e9s ez csak a tan\u00edt\u00e1si \u00f3ra + m\u00e9g egy\u00e9b m\u00e1s. Van olyan koll\u00e9g\u00e1m, aki t\u00fal\u00f3r\u00e1ban dolgozik, \u2026 de \u2026 nem fizetik ki neki a t\u00fal\u00f3r\u00e1t, mert akkor belef\u00e9r a 26 \u00f3r\u00e1j\u00e1ba a matek. Am\u00fagy \u2026 aki 2 \u00e9v m\u00falva nyugd\u00edjba megy. A saj\u00e1t gyerekeimet val\u00f3sz\u00edn\u0171leg \u00e9n fogom megtan\u00edtani itthon, mert ide a fene nem jelentkezett most sem. A m\u00e1sik dolog, hogy mindannyian (k\u00f6zt\u00fck \u00e9n is) f\u00e9ltj\u00fck ezt a kicsi keresetet is \u00e9s ez\u00e9rt sem mer\u00fcnk l\u00e9pni. Biztos vagyok benne, hogy m\u00e1shol is sokan ez\u00e9rt nem mernek belemenni az engedetlens\u00e9gbe.\u00a0 \u2026 egy\u00e9bk\u00e9nt nem lep\u0151dtem meg, v\u00e1rhat\u00f3 volt, hogy ennek nem lesz semmi pozit\u00edv el\u0151menetele. Nekem meggy\u0151z\u0151d\u00e9sem, hogy a c\u00e9l az, hogy el\u0151bb-ut\u00f3bb majd a hi\u00e1ny kezel\u00e9se az lesz, hogy k\u00e9pes\u00edt\u00e9s n\u00e9lk\u00fcli embereket raknak be az \u00fcres helyekre, akik az \u0151 sz\u00e1j\u00edz\u00fcl szerint fognak tan\u00edtani\u2026\u201d. (\u201elakatlan k\u0151, hever a h\u00e1tam,\/ eml\u00e9kek n\u00e9lk\u00fcl, n\u00e9lk\u00fclem,\/ az \u00e9vmilli\u00f3k halott hamuj\u00e1ban.\/ Hideg sz\u00e9l f\u00fajdog\u00e1l.\u201d mormolom magamban Pilinszky vers\u00e9t a Hideg sz\u00e9l-t). Nem is merem elk\u00e9pzelni a tizen(\u00f6t)nyolc fok (melegben) hidegben, kab\u00e1tban \u00fcld\u00f6g\u00e9l\u0151 gyerekeket; a dupla pul\u00f3verben, r\u00e9tegesen \u00f6lt\u00f6z\u0151 \u00e9s m\u00e9gis f\u00e1z\u00f3 tan\u00e1rn\u0151t, aki matekot, fizik\u00e1t, \u00e9neket(!) tan\u00edt \u00e9ppen, az ismer\u0151s\u00f6met. Az igazgat\u00f3n\u0151t se, aki csak f\u00f6lfel\u00e9 n\u00e9z, a gyerek-szemekbe (<span style=\"text-decoration: line-through;\">tal\u00e1n sz\u00e9gyen\u00e9ben<\/span>) m\u00e1r nem mer. \u201eMegr\u00e1z\u00f3 a helyzet, a helyzeted\u201d \u2013 \u00edrom ki a szavakat ny\u00f6gvenyel\u0151en magamb\u00f3l, \u201ealig tudok mit \u00edrni, tal\u00e1n egyszer majd m\u00e9gis ki\u00edrom magamb\u00f3l (lehet, akkor m\u00e1r k\u00e9s\u0151 lesz). Szerintem h\u00e1rom \u00fat \u00e1ll el\u0151ttetek, mint a legkisebb, v\u00e1ndor\u00fatra kelt (szeg\u00e9ny) gyerek el\u0151tt is: elmenni otthonr\u00f3l vil\u00e1got pr\u00f3b\u00e1lni (p\u00e9nz, paripa \u00e9s \u201efegyver\u201d \u2013 kapcsolatok n\u00e9lk\u00fcl szinte rem\u00e9nytelen a mai vil\u00e1gban); megszervez\u0151dni (ez sem egyszer\u0171, hossz\u00fa folyamat, az eredm\u00e9ny sem biztos, m\u00e9gis\u2026); hagyni mindent a francba (ez most pint\u00e9ri cs\u00fanya sz\u00f3 vajon?), menjen minden ugyan\u00fagy tov\u00e1bb, legal\u00e1bb az a kisp\u00e9nz megmarad\u2026 Persze \u00e9n k\u00f6nnyen \u201evony\u00edtok\u201d innen, mert \u201evony\u00edtani\u201d m\u00e9g szabad\u2026 \u00d6lellek: gy\u201d, m\u00e9g szinte el sem k\u00fcldtem, j\u00f6n a v\u00e1lasz: \u201eSajnos teljesen igazad van. Ugyan\u00edgy l\u00e1tom, hogy ez a 3 lehet\u0151s\u00e9g \u00e1ll el\u0151tt\u00fcnk\/el\u0151ttem. \u0150rl\u0151d\u0151k, hogy melyiket v\u00e1lasszam majd ha elj\u00f6n az id\u0151. De megvallom \u0151szint\u00e9n, <em>f\u00e9lek<\/em>.\u00a0 Illetve, ami m\u00e9g nagyon elbizonytalan\u00edt, hogy im\u00e1dok tan\u00edtani, \u00e9s \u2013 \u00fagy \u00e9rzem, azt \u2013 viszonylag j\u00f3l is csin\u00e1lom. Nem az\u00e9rt tanultam \u00e9veket, g\u00fcriztem, \u00e9jszak\u00e1ztam, hogy egy aldiban vagy lidlben pakoljak kartondobozokat, m\u00e9g ha 3x ennyi p\u00e9nz\u00e9rt is. Elkeser\u00edt\u0151 a helyzet! Mi is puszilunk benneteket!\u201d<\/p>\n<p>A bel\u00fcgy\u00e9r-rend\u00e9sz-milli\u00e1rdos k\u00f6zben \u201ec\u00e9lokat fogalmaz meg, szervez \u00e9s optimaliz\u00e1l\u201d, \u00fagy \u00e9rzi, ez a feladata. A t\u00f6bbi kalap-kab\u00e1t \u00e9s r\u00e9teges \u00f6lt\u00f6zk\u00f6d\u00e9s! Ja, meg hazafis\u00e1gra nevel\u00e9s: N\u00e9meth Szil\u00e1rd m\u00f3dra. Vajon a cs\u00fanya besz\u00e9db\u0151l, a k\u00e1romkod\u00e1sb\u00f3l \u00e9rten\u00e9nek? \u201e506\/1903<\/p>\n<p>Tekintetes kult\u00farm\u00e9rn\u00f6ki hivatal\/ P\u00e9csett\/ Tegnapi p\u00f3st\u00e1val \u00e9rkezett 1090\/1903 sz. hivatalos \u00e1tiratukra, melyben azt k\u00e9rdik, hogy a Nagy-berki k\u00f6zs\u00e9g hat\u00e1r\u00e1ban lelt r\u00e9gi sarkanty\u00faval mi t\u00f6rt\u00e9nj\u00e9k? hivatalos tisztelettel azt v\u00e1laszolom, hogy bassz\u00e1k meg az urak a sarkanty\u00fajukat, mert 35 Reaumur h\u0151s\u00e9gben ilyen szars\u00e1gokkal nem foglalkozhatunk.\/ Budapest 1903 aug.11.<\/p>\n<p>Teljes tisztelettel\/ l\u00f3fasz a segg\u00fckbe\/ dr. R\u00e9thy L\u00e1szl\u00f3\/ m. kir. \u00e9rem- \u00e9s r\u00e9gis\u00e9gt\u00e1ri igazg. Helyettes\/ (R\u00e9thy L\u00e1szl\u00f3 = L\u0151wy \u00c1rp\u00e1d)\u201d<\/p>\n<p>De h\u0151m\u00e9r\u0151t ne vigyen a gyerek az iskol\u00e1ba. Minek. Akkor is annyi. Rendeletileg szab\u00e1lyozott. Mert v\u00e9szhelyzet van. Katarban is. Ott viszont meleg is van\u2026<\/p>\n<ol start=\"2022\">\n<li>12. 19. h\u00e9tf\u0151 k\u00e9tsz\u00e1z-kilencvenhetedik nap<\/li>\n<\/ol>\n<p>(K\u00e9p: Szia, Tan\u00e1rn\u0151)<\/p>\n<p>#NER #Orb\u00e1n #tan\u00edtan\u00e9k\u2003<\/p>\n","protected":false},"excerpt":{"rendered":"<p>KONZULT\u00c1CI\u00d3 \u2013 KONZULT\u00c1CI\u00d3?! (Avagy: a h\u0151m\u00e9r\u0151 nem iskolaeszk\u00f6z, nem val\u00f3 az iskolat\u00e1sk\u00e1ba\u2026) \u00a0 Persze engem nem h\u00edvtak meg. \u00c9n \u201ecsak\u201d egy \u201eolyan\u201d \u00e9s n\u00e9vtelen nagypapa vagyok, h\u00e1rom unok\u00e1val, akik k\u00f6z\u00fcl a legnagyobb egyetemista-l\u00e1ny, a k\u00f6z\u00e9ps\u0151 \u00e1ltal\u00e1nosba j\u00e1r, a legkisebb m\u00e9g ovis \u00e9s falm\u00e1sz\u00f3! Viszont nekem is vannak tan\u00e1rn\u0151 \u00e9s tan\u00e1r rokonaim, ismer\u0151seim, bar\u00e1taim \u2013 \u00edgy, [&hellip;]<\/p>\n","protected":false},"author":1,"featured_media":7369,"comment_status":"open","ping_status":"open","sticky":false,"template":"","format":"aside","meta":{"footnotes":""},"categories":[2],"tags":[796],"class_list":["post-7368","post","type-post","status-publish","format-aside","has-post-thumbnail","hentry","category-bejegyzes","tag-tanitanek","post_format-post-format-aside"],"_links":{"self":[{"href":"https:\/\/gyorgyradnai.eu\/wp-json\/wp\/v2\/posts\/7368","targetHints":{"allow":["GET"]}}],"collection":[{"href":"https:\/\/gyorgyradnai.eu\/wp-json\/wp\/v2\/posts"}],"about":[{"href":"https:\/\/gyorgyradnai.eu\/wp-json\/wp\/v2\/types\/post"}],"author":[{"embeddable":true,"href":"https:\/\/gyorgyradnai.eu\/wp-json\/wp\/v2\/users\/1"}],"replies":[{"embeddable":true,"href":"https:\/\/gyorgyradnai.eu\/wp-json\/wp\/v2\/comments?post=7368"}],"version-history":[{"count":1,"href":"https:\/\/gyorgyradnai.eu\/wp-json\/wp\/v2\/posts\/7368\/revisions"}],"predecessor-version":[{"id":7370,"href":"https:\/\/gyorgyradnai.eu\/wp-json\/wp\/v2\/posts\/7368\/revisions\/7370"}],"wp:featuredmedia":[{"embeddable":true,"href":"https:\/\/gyorgyradnai.eu\/wp-json\/wp\/v2\/media\/7369"}],"wp:attachment":[{"href":"https:\/\/gyorgyradnai.eu\/wp-json\/wp\/v2\/media?parent=7368"}],"wp:term":[{"taxonomy":"category","embeddable":true,"href":"https:\/\/gyorgyradnai.eu\/wp-json\/wp\/v2\/categories?post=7368"},{"taxonomy":"post_tag","embeddable":true,"href":"https:\/\/gyorgyradnai.eu\/wp-json\/wp\/v2\/tags?post=7368"}],"curies":[{"name":"wp","href":"https:\/\/api.w.org\/{rel}","templated":true}]}}