{"id":7443,"date":"2023-01-22T19:29:18","date_gmt":"2023-01-22T18:29:18","guid":{"rendered":"https:\/\/gyorgyradnai.eu\/?p=7443"},"modified":"2023-01-22T19:29:19","modified_gmt":"2023-01-22T18:29:19","slug":"ember-most-jovok-megyek-a-templomba","status":"publish","type":"post","link":"https:\/\/gyorgyradnai.eu\/ember-most-jovok-megyek-a-templomba\/","title":{"rendered":"<strong>\u201eEMBER, MOST (<s>J\u00d6V\u00d6K<\/s>) MEGYEK A TEMPLOMBA!\u201d<\/strong>"},"content":{"rendered":"\n\n\n<p>Megint eligaz\u00edt\u00e1st tartott.<\/p>\n<p>Szatm\u00e1rcsek\u00e9n.<\/p>\n<p>A templomban.<\/p>\n<p>Nem mondott \u00fajat.<\/p>\n<p>Csak ugyan\u00fagy-ugyanazt.<\/p>\n<p>SZALAGC\u00cdMNEK val\u00f3t.<\/p>\n<p>Mert EZ a l\u00e9nyeg!<\/p>\n<p>Amir\u0151l azt\u00e1n lehet majd besz\u00e9lni.<\/p>\n<p>Mindenhol.<\/p>\n<p>A templomokban is, a kocsm\u00e1kban is, a focip\u00e1ly\u00e1k lel\u00e1t\u00f3in is.<\/p>\n<p>M\u00e9g itt, a Facebookon is.<\/p>\n<p>Mert a minisztereln\u00f6k besz\u00e9lt.<\/p>\n<p>Most nem \u201ereggelizett\u201d, nem eb\u00e9delt az olasz tenger partj\u00e1n.<\/p>\n<p>Most besz\u00e9lt.<\/p>\n<p>Ilyeneket mondott: \u201eKereszt\u00e9ny l\u00e9lekkel \u2026 b\u00e1r b\u0171neink sz\u00e1ma \u00e9s m\u00e9rt\u00e9ke lehet magas, de a J\u00f3isten m\u00e9gsem t\u00f6r\u00f6lt el benn\u00fcnket a f\u00f6ld sz\u00edn\u00e9r\u0151l. Ha meg is b\u00fcntetett benn\u00fcnket, de megengedi, hogy folytathassuk a t\u00f6rt\u00e9nelm\u00fcnket. Ennek az lehet az egyetlen oka, hogy er\u00e9nyeink \u00e9s \u00e9rdemeink is sz\u00e1mosak, vagyis ki\u00e9rdemelhett\u00fck, hogy j\u00f6v\u0151nk lehessen \u2026Mi, magyarok sem vagyunk b\u0171ntelenek, hib\u00e1ink \u00e9s fogyat\u00e9koss\u00e1gaink is sz\u00e1mosak. A k\u00e9rd\u00e9s az, mit kezdj\u00fcnk a fel- \u00e9s beismer\u00e9ssel. T\u00e9rdelj\u00fcnk le a focip\u00e1lya k\u00f6zep\u00e9n? Vagy d\u00f6nts\u00fck le a nagy el\u0151deink szobrait? Tagadjuk meg \u00e9s t\u00f6r\u00f6lj\u00fck el ezer\u00e9ves kult\u00far\u00e1nkat? Vagy hagyjuk, hogy az \u00f6njel\u00f6lt, haz\u00e1tlan \u00e9s liber\u00e1lis cenzorok megrost\u00e1lj\u00e1k \u00e9s \u00e1t\u00edrj\u00e1k a magyarok t\u00f6rt\u00e9nelm\u00e9t? \u2026 Mi k\u00fcl\u00f6nleges n\u00e9p vagyunk.\u201d<\/p>\n<p>Most nem elm\u00e9lkedni ment a templomba.<\/p>\n<p>Nem is gy\u00f3nni.<\/p>\n<p>Pedig mehetett volna az\u00e9r\u2019 is.<\/p>\n<p>Tal\u00e1n \u00edgy: \u201eGy\u00f3nom a Mindenhat\u00f3 Istennek \u00e9s neked, lelki aty\u00e1m, hogy utols\u00f3 gy\u00f3n\u00e1som \u00f3ta, amely elfoglalts\u00e1gaim miatt oly\u2019 r\u00e9gen volt, m\u00e1r nem is eml\u00e9kszem mikor, az\u00f3ta ezeket a b\u0171n\u00f6ket k\u00f6vettem el \u2026\u201d \u00e9s a b\u0171nb\u00e1nat szents\u00e9g\u00e9t v\u00e9d\u0151 titoktart\u00e1si fegyelem miatt innen ez m\u00e1r nem publikus\u2026<\/p>\n<p>\u00a0<\/p>\n<p>Most nem \u201et\u00e9rdepelni\u201d ment, pedig azt kellett volna\u2026<\/p>\n<p>\u00a0<\/p>\n<ol start=\"2023\">\n<li>01. 22. vas\u00e1rnap<\/li>\n<\/ol>\n<p>(K\u00e9p: Index)<\/p>\n","protected":false},"excerpt":{"rendered":"<p>Megint eligaz\u00edt\u00e1st tartott. Szatm\u00e1rcsek\u00e9n. A templomban. Nem mondott \u00fajat. Csak ugyan\u00fagy-ugyanazt. SZALAGC\u00cdMNEK val\u00f3t. Mert EZ a l\u00e9nyeg! Amir\u0151l azt\u00e1n lehet majd besz\u00e9lni. Mindenhol. A templomokban is, a kocsm\u00e1kban is, a focip\u00e1ly\u00e1k lel\u00e1t\u00f3in is. M\u00e9g itt, a Facebookon is. Mert a minisztereln\u00f6k besz\u00e9lt. Most nem \u201ereggelizett\u201d, nem eb\u00e9delt az olasz tenger partj\u00e1n. Most besz\u00e9lt. Ilyeneket mondott: [&hellip;]<\/p>\n","protected":false},"author":1,"featured_media":7444,"comment_status":"open","ping_status":"open","sticky":false,"template":"","format":"aside","meta":{"footnotes":""},"categories":[2],"tags":[639],"class_list":["post-7443","post","type-post","status-publish","format-aside","has-post-thumbnail","hentry","category-bejegyzes","tag-ner","post_format-post-format-aside"],"_links":{"self":[{"href":"https:\/\/gyorgyradnai.eu\/wp-json\/wp\/v2\/posts\/7443","targetHints":{"allow":["GET"]}}],"collection":[{"href":"https:\/\/gyorgyradnai.eu\/wp-json\/wp\/v2\/posts"}],"about":[{"href":"https:\/\/gyorgyradnai.eu\/wp-json\/wp\/v2\/types\/post"}],"author":[{"embeddable":true,"href":"https:\/\/gyorgyradnai.eu\/wp-json\/wp\/v2\/users\/1"}],"replies":[{"embeddable":true,"href":"https:\/\/gyorgyradnai.eu\/wp-json\/wp\/v2\/comments?post=7443"}],"version-history":[{"count":1,"href":"https:\/\/gyorgyradnai.eu\/wp-json\/wp\/v2\/posts\/7443\/revisions"}],"predecessor-version":[{"id":7445,"href":"https:\/\/gyorgyradnai.eu\/wp-json\/wp\/v2\/posts\/7443\/revisions\/7445"}],"wp:featuredmedia":[{"embeddable":true,"href":"https:\/\/gyorgyradnai.eu\/wp-json\/wp\/v2\/media\/7444"}],"wp:attachment":[{"href":"https:\/\/gyorgyradnai.eu\/wp-json\/wp\/v2\/media?parent=7443"}],"wp:term":[{"taxonomy":"category","embeddable":true,"href":"https:\/\/gyorgyradnai.eu\/wp-json\/wp\/v2\/categories?post=7443"},{"taxonomy":"post_tag","embeddable":true,"href":"https:\/\/gyorgyradnai.eu\/wp-json\/wp\/v2\/tags?post=7443"}],"curies":[{"name":"wp","href":"https:\/\/api.w.org\/{rel}","templated":true}]}}