{"id":7652,"date":"2023-04-05T09:38:37","date_gmt":"2023-04-05T08:38:37","guid":{"rendered":"https:\/\/gyorgyradnai.eu\/?p=7652"},"modified":"2023-04-05T09:38:37","modified_gmt":"2023-04-05T08:38:37","slug":"kep-2","status":"publish","type":"post","link":"https:\/\/gyorgyradnai.eu\/kep-2\/","title":{"rendered":"K\u00c9P"},"content":{"rendered":"\n<p>Megint csak egy k\u00e9p.<\/p>\n<p>1920-b\u00f3l.<\/p>\n<p>Magyarorsz\u00e1gon \u2013 valahol.<\/p>\n<p>Ez m\u00e1r nem \u201eAZ\u201d lehetett.<\/p>\n<p>Csupa f\u00e9rfi.<\/p>\n<p>Bajusszal.<\/p>\n<p>Pedig m\u00e1r akkorra \u2013 el\u0151sz\u00f6r a t\u00f6rt\u00e9nelemben \u2013 k\u00e9pvisel\u0151n\u0151 is beker\u00fcl a magyar parlamentbe.<\/p>\n<p>N\u00e9metorsz\u00e1gban m\u00e1r \u00faj neve van a N\u00e9met Munk\u00e1sp\u00e1rtnak: Nemzetiszocialista N\u00e9met Munk\u00e1sp\u00e1rt.<\/p>\n<p>(M\u00e1r \u0151 vezeti.)<\/p>\n<p>A csehszlov\u00e1k nemzetgy\u0171l\u00e9s elfogadja az alkotm\u00e1nyt, a nyelvt\u00f6rv\u00e9nyt is \u00e9s 20%-hoz k\u00f6ti a nyelv jogainak az \u00e9rv\u00e9nyes\u00edt\u00e9s\u00e9t; a magyar k\u00e9pvisel\u0151, K\u00f6rmendy \u00c9kes Lajos kijelenti: a magyarok akaratukon k\u00edv\u00fcl ker\u00fcltek a csehszlov\u00e1k \u00e1llamhoz.<\/p>\n<p>Horthy Mikl\u00f3s m\u00e1r korm\u00e1nyz\u00f3 \u2013 m\u00e1r csal\u00e1dj\u00e1val be is k\u00f6lt\u00f6z\u00f6tt a budai kir\u00e1lyi palot\u00e1ba.<\/p>\n<p>Tal\u00e1n m\u00e9g nem \u00edrt\u00e1k al\u00e1 a trianoni b\u00e9kedikt\u00e1tumot.<\/p>\n<p>\u00a0<\/p>\n<p>\u00c9s kik \u0151k, ott a k\u00e9pen?<\/p>\n<p>A b\u00e9k\u00e9sen s\u00f6r\u00f6z\u0151k?!<\/p>\n<p>A mosolyg\u00f3san a lencs\u00e9be tekint\u0151k?<\/p>\n<p>Mire gondolhattak \u00e9ppen?<\/p>\n<p>Ott, abban az erdei vend\u00e9gh\u00e1zban, vend\u00e9gl\u0151ben?!<\/p>\n<p>Doberd\u00f3ra?<\/p>\n<p>Hogy legal\u00e1bb v\u00e9ge van?<\/p>\n<p>\u00a0<\/p>\n<p>Kik \u0151k?<\/p>\n<p>Tal\u00e1n tan\u00e1rok?<\/p>\n<p>Tal\u00e1n szervezked\u0151k, akik meg akarj\u00e1k v\u00e1ltoztatni a vil\u00e1got?<\/p>\n<p>Melyiket \u00e9s hogyan?<\/p>\n<p>Tal\u00e1n \u201ecsak\u201d bar\u00e1tok, akik \u00f6sszej\u00f6ttek s\u00f6r\u00f6zni a \u201eszabadba\u201d?!<\/p>\n<p>\u00a0<\/p>\n<p>\u00c9s a h\u00e1tt\u00e9rben?<\/p>\n<p>Azok a gyerekek?<\/p>\n<p>Akik nem tudj\u00e1k, milyen sors v\u00e1r r\u00e1juk?<\/p>\n<p>Meg\u00e9rik-e \u00e9s hogyan a k\u00f6vetkez\u0151 b\u00e9k\u00e9t?!<\/p>\n<p>Sapk\u00e1ban, sapka n\u00e9lk\u00fcl?!<\/p>\n<p>\u00a0<\/p>\n<p>Nem tudj\u00e1k.<\/p>\n<p>Nem tudt\u00e1k.<\/p>\n<p>Azt\u00e1n meg\u00e9lt\u00e9k.<\/p>\n<p>\u00a0<\/p>\n<p>\u00c9s majd sz\u00e1z \u00e9v m\u00falva, amikor a r\u00f3lam-r\u00f3lunk k\u00e9sz\u00fclt digitaliz\u00e1lt k\u00e9pet n\u00e9zi majd valaki, ugyanezt fogja k\u00e9rdezni: ki volt \u0151, kik voltak \u0151k, vajon tudt\u00e1k\u2026<\/p>\n<p>\u00a0<\/p>\n<ol start=\"2023\">\n<li>04. 05. szerda<\/li>\n<\/ol>\n<p>(K\u00e9p: J\u00f3zsef Sebesty\u00e9n)<\/p>\n","protected":false},"excerpt":{"rendered":"<p>Megint csak egy k\u00e9p. 1920-b\u00f3l. Magyarorsz\u00e1gon \u2013 valahol. Ez m\u00e1r nem \u201eAZ\u201d lehetett. Csupa f\u00e9rfi. Bajusszal. Pedig m\u00e1r akkorra \u2013 el\u0151sz\u00f6r a t\u00f6rt\u00e9nelemben \u2013 k\u00e9pvisel\u0151n\u0151 is beker\u00fcl a magyar parlamentbe. N\u00e9metorsz\u00e1gban m\u00e1r \u00faj neve van a N\u00e9met Munk\u00e1sp\u00e1rtnak: Nemzetiszocialista N\u00e9met Munk\u00e1sp\u00e1rt. (M\u00e1r \u0151 vezeti.) A csehszlov\u00e1k nemzetgy\u0171l\u00e9s elfogadja az alkotm\u00e1nyt, a nyelvt\u00f6rv\u00e9nyt is \u00e9s 20%-hoz [&hellip;]<\/p>\n","protected":false},"author":1,"featured_media":7653,"comment_status":"open","ping_status":"open","sticky":false,"template":"","format":"aside","meta":{"footnotes":""},"categories":[2],"tags":[807],"class_list":["post-7652","post","type-post","status-publish","format-aside","has-post-thumbnail","hentry","category-bejegyzes","tag-kep","post_format-post-format-aside"],"_links":{"self":[{"href":"https:\/\/gyorgyradnai.eu\/wp-json\/wp\/v2\/posts\/7652","targetHints":{"allow":["GET"]}}],"collection":[{"href":"https:\/\/gyorgyradnai.eu\/wp-json\/wp\/v2\/posts"}],"about":[{"href":"https:\/\/gyorgyradnai.eu\/wp-json\/wp\/v2\/types\/post"}],"author":[{"embeddable":true,"href":"https:\/\/gyorgyradnai.eu\/wp-json\/wp\/v2\/users\/1"}],"replies":[{"embeddable":true,"href":"https:\/\/gyorgyradnai.eu\/wp-json\/wp\/v2\/comments?post=7652"}],"version-history":[{"count":1,"href":"https:\/\/gyorgyradnai.eu\/wp-json\/wp\/v2\/posts\/7652\/revisions"}],"predecessor-version":[{"id":7654,"href":"https:\/\/gyorgyradnai.eu\/wp-json\/wp\/v2\/posts\/7652\/revisions\/7654"}],"wp:featuredmedia":[{"embeddable":true,"href":"https:\/\/gyorgyradnai.eu\/wp-json\/wp\/v2\/media\/7653"}],"wp:attachment":[{"href":"https:\/\/gyorgyradnai.eu\/wp-json\/wp\/v2\/media?parent=7652"}],"wp:term":[{"taxonomy":"category","embeddable":true,"href":"https:\/\/gyorgyradnai.eu\/wp-json\/wp\/v2\/categories?post=7652"},{"taxonomy":"post_tag","embeddable":true,"href":"https:\/\/gyorgyradnai.eu\/wp-json\/wp\/v2\/tags?post=7652"}],"curies":[{"name":"wp","href":"https:\/\/api.w.org\/{rel}","templated":true}]}}