{"id":7717,"date":"2023-04-24T13:07:37","date_gmt":"2023-04-24T12:07:37","guid":{"rendered":"https:\/\/gyorgyradnai.eu\/?p=7717"},"modified":"2023-04-24T13:07:37","modified_gmt":"2023-04-24T12:07:37","slug":"csak-egy-normalis-hetkoznap","status":"publish","type":"post","link":"https:\/\/gyorgyradnai.eu\/csak-egy-normalis-hetkoznap\/","title":{"rendered":"<strong>CSAK EGY \u201eNORM\u00c1LIS\u201d H\u00c9TK\u00d6ZNAP\u2026<\/strong>"},"content":{"rendered":"\n\n\n<p>\u201e14 \u00e9ves di\u00e1kot fogdoshatott egy egyh\u00e1zi iskol\u00e1ban tan\u00edt\u00f3 tan\u00e1r, a sz\u00fcl\u0151k f\u00e9l \u00e9vig k\u00fczd\u00f6ttek az elt\u00e1vol\u00edt\u00e1s\u00e1\u00e9rt\u201d \u2013 \u00edrja a Telex.<\/p>\n<p>\u201eMegn\u00e9ztem: egyetlen marha sem k\u00e9r\u0151dzik S\u00fcli J\u00e1nos\u00e9k 730 milli\u00f3 EU-s t\u00e1mogat\u00e1st elnyel\u0151 tehen\u00e9szet\u00e9ben\u201d \u2013 \u00edrja Hadh\u00e1zy \u00c1kos.<\/p>\n<p>\u201eArra szeretn\u00e9m k\u00e9rni a n\u00e9z\u0151inket (\u2026), a b\u00e9kemenet r\u00e9sztvev\u0151it, hogy 30-\u00e1n j\u00f6jjenek el a Kossuth t\u00e9rre \u2026 Legyen ez egy b\u00e9kemenet. Legy\u00fcnk rettenetesen sokan. Higgy\u00e9k el, hogy nem csak lelkileg lesz ez fontos, hanem ennek politikai \u00fczenete is lenne \u2026\u201d \u2013 k\u00e9rte a H\u00edr TV-n Bayer Zsolt, aki kor\u00e1bban \u201elemarh\u00e1zta\u201d \u0150t, ek\u00f6zben Budapest k\u00f6ztereit ellept\u00e9k a P\u00e1pa mond\u00e1sait \u201e\u00e9rtelmez\u0151\u201d plak\u00e1tok.<\/p>\n<p>\u201eMagyarorsz\u00e1g csak akkor boldogul, ha mindenki dolgozik \u00e9s mindenki j\u00f3l dolgozik \u2026 az sem lehetett v\u00e9letlen, hogy Krisztus urunk \u00e1cs volt\u201d \u2013 mondta a magyar minisztereln\u00f6k a Szakma Szt\u00e1r nev\u0171, szakk\u00e9pz\u00e9s n\u00e9pszer\u0171s\u00edt\u00e9s\u00e9t c\u00e9lz\u00f3 rendezv\u00e9ny megnyit\u00f3j\u00e1n.<\/p>\n<p>Ma este az MTK Budapest-Soroks\u00e1r SC NB II. meccset adja az M4\u2026<\/p>\n<p>\u00a0<\/p>\n<p>Ez csak egy \u201enorm\u00e1lis\u201d h\u00e9tk\u00f6znap a NER orsz\u00e1g\u00e1ban.<\/p>\n<p>M\u00e1r nem is \u00fcv\u00f6lt\u00fcnk.<\/p>\n<p>Nem is jajongunk.<\/p>\n<p>\u00c9n-Te-Mi \u00edgy \u00e9l\u00fcnk.<\/p>\n<p>\u00c9szre sem vessz\u00fck.<\/p>\n<p>\u00d6r\u00fcl\u00fcnk a farh\u00e1tunknak.<\/p>\n<p>M\u00e1r az lenne a meglepi, ha egyszer nem \u00edgy lenne.<\/p>\n<p>Ha nem ezeket a h\u00edreket kapn\u00e1nk a pof\u00e1nkba.<\/p>\n<p>Bele.<\/p>\n<p>De nincs meglepi.<\/p>\n<p>H\u00e1t \u00e9l\u00fcnk tov\u00e1bb.<\/p>\n<p>Mintha mi sem t\u00f6rt\u00e9nt volna.<\/p>\n<p>Persze nem is t\u00f6rt\u00e9nt.<\/p>\n<p>Semmi.<\/p>\n<p>Nem is t\u00f6rt\u00e9nik.<\/p>\n<p>\u00a0<\/p>\n<p>M\u00e1r nem is tudom, minek \u00edrtam ezt a bejegyz\u00e9st\u2026<\/p>\n<ol start=\"2023\">\n<li>04. 24. h\u00e9tf\u0151<\/li>\n<\/ol>\n","protected":false},"excerpt":{"rendered":"<p>\u201e14 \u00e9ves di\u00e1kot fogdoshatott egy egyh\u00e1zi iskol\u00e1ban tan\u00edt\u00f3 tan\u00e1r, a sz\u00fcl\u0151k f\u00e9l \u00e9vig k\u00fczd\u00f6ttek az elt\u00e1vol\u00edt\u00e1s\u00e1\u00e9rt\u201d \u2013 \u00edrja a Telex. \u201eMegn\u00e9ztem: egyetlen marha sem k\u00e9r\u0151dzik S\u00fcli J\u00e1nos\u00e9k 730 milli\u00f3 EU-s t\u00e1mogat\u00e1st elnyel\u0151 tehen\u00e9szet\u00e9ben\u201d \u2013 \u00edrja Hadh\u00e1zy \u00c1kos. \u201eArra szeretn\u00e9m k\u00e9rni a n\u00e9z\u0151inket (\u2026), a b\u00e9kemenet r\u00e9sztvev\u0151it, hogy 30-\u00e1n j\u00f6jjenek el a Kossuth t\u00e9rre \u2026 Legyen [&hellip;]<\/p>\n","protected":false},"author":1,"featured_media":7718,"comment_status":"open","ping_status":"open","sticky":false,"template":"","format":"aside","meta":{"footnotes":""},"categories":[2],"tags":[639],"class_list":["post-7717","post","type-post","status-publish","format-aside","has-post-thumbnail","hentry","category-bejegyzes","tag-ner","post_format-post-format-aside"],"_links":{"self":[{"href":"https:\/\/gyorgyradnai.eu\/wp-json\/wp\/v2\/posts\/7717","targetHints":{"allow":["GET"]}}],"collection":[{"href":"https:\/\/gyorgyradnai.eu\/wp-json\/wp\/v2\/posts"}],"about":[{"href":"https:\/\/gyorgyradnai.eu\/wp-json\/wp\/v2\/types\/post"}],"author":[{"embeddable":true,"href":"https:\/\/gyorgyradnai.eu\/wp-json\/wp\/v2\/users\/1"}],"replies":[{"embeddable":true,"href":"https:\/\/gyorgyradnai.eu\/wp-json\/wp\/v2\/comments?post=7717"}],"version-history":[{"count":1,"href":"https:\/\/gyorgyradnai.eu\/wp-json\/wp\/v2\/posts\/7717\/revisions"}],"predecessor-version":[{"id":7719,"href":"https:\/\/gyorgyradnai.eu\/wp-json\/wp\/v2\/posts\/7717\/revisions\/7719"}],"wp:featuredmedia":[{"embeddable":true,"href":"https:\/\/gyorgyradnai.eu\/wp-json\/wp\/v2\/media\/7718"}],"wp:attachment":[{"href":"https:\/\/gyorgyradnai.eu\/wp-json\/wp\/v2\/media?parent=7717"}],"wp:term":[{"taxonomy":"category","embeddable":true,"href":"https:\/\/gyorgyradnai.eu\/wp-json\/wp\/v2\/categories?post=7717"},{"taxonomy":"post_tag","embeddable":true,"href":"https:\/\/gyorgyradnai.eu\/wp-json\/wp\/v2\/tags?post=7717"}],"curies":[{"name":"wp","href":"https:\/\/api.w.org\/{rel}","templated":true}]}}