{"id":7788,"date":"2023-05-15T16:49:31","date_gmt":"2023-05-15T15:49:31","guid":{"rendered":"https:\/\/gyorgyradnai.eu\/?p=7788"},"modified":"2023-05-15T16:49:32","modified_gmt":"2023-05-15T15:49:32","slug":"mire-gondoltak-kozben","status":"publish","type":"post","link":"https:\/\/gyorgyradnai.eu\/mire-gondoltak-kozben\/","title":{"rendered":"<strong>MIRE GONDOLTAK K\u00d6ZBEN?<\/strong>"},"content":{"rendered":"\n<p>Olvasom a h\u00edrt: Hitler sz\u00f3lalt meg egy osztr\u00e1k helyk\u00f6zi j\u00e1raron.<\/p>\n<p>Hallhat\u00f3 volt m\u00e9g a \u201eHeil Hitler \u00e9s a Sieg Heil\u201d is.<\/p>\n<p>Alig f\u00e9l percig.<\/p>\n<p>Nem tudt\u00e1k le\u00e1ll\u00edtani a bej\u00e1tsz\u00e1st.<\/p>\n<p>A vasutasok.<\/p>\n<p>Azt\u00e1n elolvasom az \u201eeredeti\u201d besz\u00e1mol\u00f3t, abban az \u00e1ll: m\u00e1shol is tapasztaltak ilyet.<\/p>\n<p>\u00a0<\/p>\n<p>Aki f\u00f6lrakta a besz\u00e9det \u00e9s a t\u00f6bbit, mire gondolt el\u0151tte, k\u00f6zben, ut\u00e1na; vajon mi\u00e9rt?!<\/p>\n<p>\u00a0<\/p>\n<p>Azt\u00e1n olvasom: Budah\u00e1zy j\u00f3l van, szerinte a jobboldalon megnyugv\u00e1st eredm\u00e9nyezett a szabadul\u00e1sa, most \u00e9l a m\u00e9di\u00e1val, a szerepl\u00e9s lehet\u0151s\u00e9geivel, \u201ehaknizik\u201d, mert m\u00e1st\u00f3l el van tiltva. Azt\u00e1n? Majd megl\u00e1tja. Semmit nem b\u00e1nt meg.<\/p>\n<p>\u00a0<\/p>\n<p>Aki kiengedte amneszti\u00e1val, mikor al\u00e1\u00edrta, mire gondolt? \u00c9s ut\u00e1na?!<\/p>\n<p>\u00a0<\/p>\n<p>Azt\u00e1n olvasom a Telexen az elemz\u00e9st: \u201e\u00cdgy harag\u00edtotta mag\u00e1ra Orb\u00e1n Viktor a legk\u00f6zelebbi bar\u00e1tait\u201d. A \u201ej\u00f3 rend\u0151rt\u201d, aki m\u00e9gsem \u00e9rt el semmit. A nagyk\u00f6vetasszonyt, aki a t\u00f6r\u00fclk\u00f6z\u0151-bedob\u00e1s hat\u00e1r\u00e1n van. Aki a n\u00e9gyszemk\u00f6zti besz\u00e9lget\u00e9seken is tolm\u00e1csolt kor\u00e1bban. Aki m\u00e9g mindig ott van a hely\u00e9n \u00e9s nem l\u00e9p.<\/p>\n<p>\u00a0<\/p>\n<p>Mire gondol k\u00f6zben, hogy tov\u00e1bbra is v\u00e1llalja?<\/p>\n<p>\u00a0<\/p>\n<p>Politikusok. Akiknek sz\u00e1nd\u00e9kaik vannak. Vel\u00fcnk, emberekkel. Vil\u00e1gform\u00e1l\u00f3k. Akik sorsokat befoly\u00e1solnak, sorsokr\u00f3l d\u00f6ntenek. Akik v\u00e1laszt\u00e1sokat akarnak nyerni, hogy megtehess\u00e9k.<\/p>\n<p>\u00a0<\/p>\n<p>Mire gondolnak k\u00f6zben? Val\u00f3j\u00e1ban?<\/p>\n<p>\u00a0<\/p>\n<p>\u00c9s te, v\u00e1laszt\u00f3t\u00e1rsam, amikor be\u00edrod, be\u00edrtad az ikszet: mire gondolt\u00e1l?<\/p>\n<p>\u00a0<\/p>\n<p>Mostan\u00e1ban ez izgat\u2026<\/p>\n<ol start=\"2023\">\n<li>05. 15. h\u00e9tf\u0151<\/li>\n<\/ol>\n","protected":false},"excerpt":{"rendered":"<p>Olvasom a h\u00edrt: Hitler sz\u00f3lalt meg egy osztr\u00e1k helyk\u00f6zi j\u00e1raron. Hallhat\u00f3 volt m\u00e9g a \u201eHeil Hitler \u00e9s a Sieg Heil\u201d is. Alig f\u00e9l percig. Nem tudt\u00e1k le\u00e1ll\u00edtani a bej\u00e1tsz\u00e1st. A vasutasok. Azt\u00e1n elolvasom az \u201eeredeti\u201d besz\u00e1mol\u00f3t, abban az \u00e1ll: m\u00e1shol is tapasztaltak ilyet. \u00a0 Aki f\u00f6lrakta a besz\u00e9det \u00e9s a t\u00f6bbit, mire gondolt el\u0151tte, k\u00f6zben, [&hellip;]<\/p>\n","protected":false},"author":1,"featured_media":7789,"comment_status":"open","ping_status":"open","sticky":false,"template":"","format":"aside","meta":{"footnotes":""},"categories":[2],"tags":[639],"class_list":["post-7788","post","type-post","status-publish","format-aside","has-post-thumbnail","hentry","category-bejegyzes","tag-ner","post_format-post-format-aside"],"_links":{"self":[{"href":"https:\/\/gyorgyradnai.eu\/wp-json\/wp\/v2\/posts\/7788","targetHints":{"allow":["GET"]}}],"collection":[{"href":"https:\/\/gyorgyradnai.eu\/wp-json\/wp\/v2\/posts"}],"about":[{"href":"https:\/\/gyorgyradnai.eu\/wp-json\/wp\/v2\/types\/post"}],"author":[{"embeddable":true,"href":"https:\/\/gyorgyradnai.eu\/wp-json\/wp\/v2\/users\/1"}],"replies":[{"embeddable":true,"href":"https:\/\/gyorgyradnai.eu\/wp-json\/wp\/v2\/comments?post=7788"}],"version-history":[{"count":1,"href":"https:\/\/gyorgyradnai.eu\/wp-json\/wp\/v2\/posts\/7788\/revisions"}],"predecessor-version":[{"id":7790,"href":"https:\/\/gyorgyradnai.eu\/wp-json\/wp\/v2\/posts\/7788\/revisions\/7790"}],"wp:featuredmedia":[{"embeddable":true,"href":"https:\/\/gyorgyradnai.eu\/wp-json\/wp\/v2\/media\/7789"}],"wp:attachment":[{"href":"https:\/\/gyorgyradnai.eu\/wp-json\/wp\/v2\/media?parent=7788"}],"wp:term":[{"taxonomy":"category","embeddable":true,"href":"https:\/\/gyorgyradnai.eu\/wp-json\/wp\/v2\/categories?post=7788"},{"taxonomy":"post_tag","embeddable":true,"href":"https:\/\/gyorgyradnai.eu\/wp-json\/wp\/v2\/tags?post=7788"}],"curies":[{"name":"wp","href":"https:\/\/api.w.org\/{rel}","templated":true}]}}