{"id":7824,"date":"2023-05-24T12:11:10","date_gmt":"2023-05-24T11:11:10","guid":{"rendered":"https:\/\/gyorgyradnai.eu\/?p=7824"},"modified":"2023-05-24T12:11:11","modified_gmt":"2023-05-24T11:11:11","slug":"az-o-harca","status":"publish","type":"post","link":"https:\/\/gyorgyradnai.eu\/az-o-harca\/","title":{"rendered":"<strong>AZ \u0150 \u201eHARCA\u201d!<\/strong>"},"content":{"rendered":"\n\n\n<p>Nem az eny\u00e9m.<\/p>\n<p>A ti\u00e9d se.<\/p>\n<p>A mi\u00e9nk pl\u00e1ne nem.<\/p>\n<p>\u00a0<\/p>\n<p>Ez a harc nem lesz a v\u00e9gs\u0151.<\/p>\n<p>Ez permanens lesz.<\/p>\n<p>M\u00e1r az.<\/p>\n<p>Tizenk\u00e9t-h\u00e1rom \u00e9ve tart.<\/p>\n<p>Az\u00f3ta van ellens\u00e9g(e).<\/p>\n<p>Mindig tal\u00e1l.<\/p>\n<p>Hol ezt, hol azt.<\/p>\n<p>Hol itt, hol ott.<\/p>\n<p>Mikor hol, mikor kit.<\/p>\n<p>Nem kell sorolnom.<\/p>\n<p>Tudod te is.<\/p>\n<p>A j\u00f6v\u0151belit m\u00e9g nem ismered.<\/p>\n<p>De akkor is tal\u00e1l majd.<\/p>\n<p>A DNS.<\/p>\n<p>Az utcai harcos.<\/p>\n<p>A sas.<\/p>\n<p>Aki sohasem sz\u00e1ll le.<\/p>\n<p>Se el.<\/p>\n<p>Te meg n\u00e9zed.<\/p>\n<p>Ahogy sz\u00e1ll.<\/p>\n<p>Ahogy izeg-mozog.<\/p>\n<p>Ahogy a nyelv\u00e9t ny\u00fajtogatja.<\/p>\n<p>Ahogy igazgatja az ing\u00e9t.<\/p>\n<p>Amib\u0151l kil\u00f3g.<\/p>\n<p>A hasa.<\/p>\n<p>Ahogy r\u00e9giurasan k\u00e9zcs\u00f3kot imit\u00e1l.<\/p>\n<p>Ahogy bevonul.<\/p>\n<p>Ahogy kivonul.<\/p>\n<p>\u00a0<\/p>\n<p>Az \u00faton v\u00e9gig kell mennie.<\/p>\n<p>B\u00e1rmi \u00e1ron.<\/p>\n<p>Az \u00e1r\u00e1t \u00fagysem \u0151 fizeti.<\/p>\n<p>Mi.<\/p>\n<p>Most.<\/p>\n<p>Mindannyian.<\/p>\n<p>Ez \u0151t nem \u00e9rdekli.<\/p>\n<p>Cinikusan xa@ik r\u00e1.<\/p>\n<p>Hogy lehet cinikusan?<\/p>\n<p>Xar@i?<\/p>\n<p>\u00c9n nem tudok.<\/p>\n<p>Te sem.<\/p>\n<p>Viszont \u0151 tud.<\/p>\n<p>Kell neki.<\/p>\n<p>Mert m\u00e1r nagyon ideges.<\/p>\n<p>M\u00e1r civiliz\u00e1lt orsz\u00e1gban nem fogadj\u00e1k.<\/p>\n<p>Ott m\u00e1r nem hisznek neki.<\/p>\n<p>Egy szav\u00e1t se.<\/p>\n<p>Kiismert\u00e9k.<\/p>\n<p>A k\u00e9tsz\u00edn\u0171s\u00e9g\u00e9t.<\/p>\n<p>\u00a0<\/p>\n<p>Folytathatn\u00e1m.<\/p>\n<p>De minek.<\/p>\n<p>M\u00e1r \u00fagyis r\u00e1j\u00f6tt\u00e9l.<\/p>\n<p>Ki \u0151.<\/p>\n<p>Milyen \u0151.<\/p>\n<p>\u0150 meg \u00fagysem olvassa.<\/p>\n<p>Ezt a bejegyz\u00e9st.<\/p>\n<p>Se.<\/p>\n<p>Csak len\u00e9z.<\/p>\n<p>A V\u00e1rb\u00f3l.<\/p>\n<p>A kordonosb\u00f3l.<\/p>\n<p>\u00c9s fizet a b\u00e9rtollnokainak.<\/p>\n<p>A b\u00e9rsz\u00f3nokainak.<\/p>\n<p>A te p\u00e9nzeddel.<\/p>\n<p>\u00a0<\/p>\n<p>Ez a \u0151 \u201eharca\u201d.<\/p>\n<p>\u00a0<\/p>\n<p>Nem az eny\u00e9m.<\/p>\n<p>A ti\u00e9d se.<\/p>\n<p>A mi\u00e9nk pl\u00e1ne nem.<\/p>\n<ol start=\"2023\">\n<li>05. 24. szerda<\/li>\n<\/ol>\n<p>(K\u00e9p: Trombit\u00e1s Krist\u00f3f az \u00e1ltala \u201eapuk\u00e1nak\u201d nevezett Orb\u00e1n Viktor t\u00e1rsas\u00e1g\u00e1ban. Forr\u00e1s: az influenszer k\u00f6z\u00f6ss\u00e9gi m\u00e9dia oldala alapj\u00e1n.)<\/p>\n","protected":false},"excerpt":{"rendered":"<p>Nem az eny\u00e9m. A ti\u00e9d se. A mi\u00e9nk pl\u00e1ne nem. \u00a0 Ez a harc nem lesz a v\u00e9gs\u0151. Ez permanens lesz. M\u00e1r az. Tizenk\u00e9t-h\u00e1rom \u00e9ve tart. Az\u00f3ta van ellens\u00e9g(e). Mindig tal\u00e1l. Hol ezt, hol azt. Hol itt, hol ott. Mikor hol, mikor kit. Nem kell sorolnom. Tudod te is. A j\u00f6v\u0151belit m\u00e9g nem ismered. De [&hellip;]<\/p>\n","protected":false},"author":1,"featured_media":7825,"comment_status":"open","ping_status":"open","sticky":false,"template":"","format":"aside","meta":{"footnotes":""},"categories":[2],"tags":[639,35],"class_list":["post-7824","post","type-post","status-publish","format-aside","has-post-thumbnail","hentry","category-bejegyzes","tag-ner","tag-orban","post_format-post-format-aside"],"_links":{"self":[{"href":"https:\/\/gyorgyradnai.eu\/wp-json\/wp\/v2\/posts\/7824","targetHints":{"allow":["GET"]}}],"collection":[{"href":"https:\/\/gyorgyradnai.eu\/wp-json\/wp\/v2\/posts"}],"about":[{"href":"https:\/\/gyorgyradnai.eu\/wp-json\/wp\/v2\/types\/post"}],"author":[{"embeddable":true,"href":"https:\/\/gyorgyradnai.eu\/wp-json\/wp\/v2\/users\/1"}],"replies":[{"embeddable":true,"href":"https:\/\/gyorgyradnai.eu\/wp-json\/wp\/v2\/comments?post=7824"}],"version-history":[{"count":1,"href":"https:\/\/gyorgyradnai.eu\/wp-json\/wp\/v2\/posts\/7824\/revisions"}],"predecessor-version":[{"id":7826,"href":"https:\/\/gyorgyradnai.eu\/wp-json\/wp\/v2\/posts\/7824\/revisions\/7826"}],"wp:featuredmedia":[{"embeddable":true,"href":"https:\/\/gyorgyradnai.eu\/wp-json\/wp\/v2\/media\/7825"}],"wp:attachment":[{"href":"https:\/\/gyorgyradnai.eu\/wp-json\/wp\/v2\/media?parent=7824"}],"wp:term":[{"taxonomy":"category","embeddable":true,"href":"https:\/\/gyorgyradnai.eu\/wp-json\/wp\/v2\/categories?post=7824"},{"taxonomy":"post_tag","embeddable":true,"href":"https:\/\/gyorgyradnai.eu\/wp-json\/wp\/v2\/tags?post=7824"}],"curies":[{"name":"wp","href":"https:\/\/api.w.org\/{rel}","templated":true}]}}