{"id":8035,"date":"2023-08-21T11:05:28","date_gmt":"2023-08-21T10:05:28","guid":{"rendered":"https:\/\/gyorgyradnai.eu\/?p=8035"},"modified":"2023-08-21T11:05:28","modified_gmt":"2023-08-21T10:05:28","slug":"de-megbanam-baottul","status":"publish","type":"post","link":"https:\/\/gyorgyradnai.eu\/de-megbanam-baottul\/","title":{"rendered":"\u201eDE MEGBA@N\u00c1M\u2026. BA@OTTUL\u201d"},"content":{"rendered":"\n<p>Nincs k\u00e9tszer!<\/p>\n<p>Csak az a pillanat, az \u201eakkor\u201d van.<\/p>\n<p>Ha elk\u00f6lt\u00f6d: elk\u00f6lt\u00f6tted.<\/p>\n<p>Magadra vess.<\/p>\n<p>\u201eVan m\u00e1sik!\u201d \u2013 mondta egykor E\u00f6tv\u00f6s G\u00e1bor.<\/p>\n<p>\u00c9s el\u0151h\u00fazta a m\u00e1sikat a ruh\u00e1j\u00e1b\u00f3l.<\/p>\n<p>\u00c9s akkor mindenki nagyot kacagott!<\/p>\n<p>\u00a0<\/p>\n<p>De az \u00e9letben nem \u00edgy van!<\/p>\n<p>\u00a0<\/p>\n<p>\u201eEhess, ihass, \u00f6lelhess, alhass!\u201d \u2013 \u00edrta a k\u00f6lt\u0151, \u00e9s t\u00fall\u00e9pett \u201ee mai kocsm\u00e1n, az \u00e9rtelemig \u00e9s tov\u00e1bb!\u201d<\/p>\n<p>\u00a0<\/p>\n<p>Viszont most, p\u00e1rtjaink \u00e9s korm\u00e1nyunk nem ezt teszik.<\/p>\n<p>\u00a0<\/p>\n<p>El\u0151sz\u00f6r ezek jutottak az eszembe az augusztus 20-ai nagy csinnadratt\u00e1r\u00f3l, az atl\u00e9tikai VB-r\u0151l, az idecs\u0151d\u00edtett dikt\u00e1torokr\u00f3l; hisz\u2019: \u201eitt van az eg\u00e9sz vil\u00e1g\u201d, mondta r\u00f6h\u00f6gcs\u00e9lve \u00e9s b\u00fcszk\u00e9n a SAS, aki (m\u00e1ra m\u00e1r olyan k\u00f6v\u00e9r lett, hogy f\u00f6l se tudna sz\u00e1llni a magosba), mik\u00f6zben \u2013 Eur\u00f3pa legdr\u00e1g\u00e1bb t\u0171zij\u00e1t\u00e9ka alatt \u2013 parol\u00e1zott a t\u00f6r\u00f6k, az azeri, az \u00fczb\u00e9g, a boszniai, a szerb eln\u00f6k\u00f6kkel, a katari em\u00edrrel, a kirgiz, a t\u00fcrkm\u00e9n \u00e1llamf\u0151vel, volt kancell\u00e1rral \u00e9s a nemzet g\u00e1zszerel\u0151j\u00e9vel.<\/p>\n<p>Neki ez most a KAR\u00c1CSONY!<\/p>\n<p>\u00c9s minden k\u00edv\u00e1ns\u00e1ga teljes\u00fclt!<\/p>\n<p>Persze, hogy teljes\u00fclt: megaj\u00e1nd\u00e9kozta saj\u00e1t mag\u00e1t.<\/p>\n<p>A k\u00f6zp\u00e9nz\u00fcnkb\u0151l.<\/p>\n<p>Hol van m\u00e1r az a legszeg\u00e9nyebb, legkisebb fi\u00fa, aki egy \u00fcres tariszny\u00e1val \u00e9s egy kopott focicip\u0151ben elindult a vil\u00e1gba, hogy megk\u00fczdjen a h\u00e9tfej\u0171 s\u00e1rk\u00e1nnyal, a gonosz mostoh\u00e1val \u00e9s elnyerje a vil\u00e1gsz\u00e9p kir\u00e1lyl\u00e1nyt \u00e9s a fele kir\u00e1lys\u00e1got, ahol \u201eh\u00e1rom nap egy esztend\u0151\u201d?!<\/p>\n<p>Itt \u00e9s most egy nap az esztend\u0151!<\/p>\n<p>Ker\u00fcl, amibe ker\u00fcl; annyi, amennyi; hadi\u00f6sv\u00e9nyen j\u00e1runk; a vesz\u00e9lyhelyzet kihirdetve; h\u00e1bor\u00fa van vagy b\u00e9ke; ez neki j\u00e1r!<\/p>\n<p>Hogy k\u00e9s\u0151bbre jut-e, nem \u00e9rdekes!<\/p>\n<p>A t\u00f6bbs\u00e9gnek am\u00fagy is annyi\u2026<\/p>\n<p>\u00a0<\/p>\n<p>Azt\u00e1n az is az eszembe jut, a \u201evolt\u201d p\u00e9nz\u00fcgyminiszter augusztus 17-\u00e9n \u00edrt egy <a href=\"https:\/\/www.facebook.com\/photo\/?fbid=6781637961914448&amp;set=a.125361250875519\">bejegyz\u00e9st<\/a>, amit \u2013 eddig \u2013 ezerh\u00e9tsz\u00e1zan v\u00e9lem\u00e9nyeztek.<\/p>\n<p>Arr\u00f3l: mi\u00e9rt nem megy a most is zajl\u00f3 atl\u00e9tikai vil\u00e1gbajnoks\u00e1gra.<\/p>\n<p>Elvi, els\u0151sorban sport szakmai, k\u00f6zgazdas\u00e1gi, gazdas\u00e1gpolitikai \u00e9s mor\u00e1lis okokat sorolt f\u00f6l.<\/p>\n<p>Ami\u00e9rt nem megy ki.<\/p>\n<p>A VB-re.<\/p>\n<p>\u00c9n sem megyek.<\/p>\n<p>Viszont a \u201emorgol\u00f3d\u00f3\u201d v\u00e9lem\u00e9nyemre kapom az \u201eany\u00e1z\u00f3-szitkoz\u00f3d\u00f3-gyal\u00e1z\u00f3\u201d \u00fczeneteket.<\/p>\n<p>Tulajdonk\u00e9ppen innen is-onnan is.<\/p>\n<p>Hogy a VB MEG\u00c9RI!<\/p>\n<p>Mert az befektet\u00e9s.<\/p>\n<p>A j\u00f6v\u0151be.<\/p>\n<p>Szerintem nem az.<\/p>\n<p>Valami\u00e9rt a gazdag, gazdagabb, leggazdagabb v\u00e1rosoknak sem az.<\/p>\n<p>Erre nincs p\u00e9nz\u00fck.<\/p>\n<p>Most.<\/p>\n<p>Persze, ha burkolt sz\u00e1nd\u00e9kok rejt\u0151zk\u00f6dnek a m\u00e9lyben, az m\u00e1s.<\/p>\n<p>Ha \u0151, a (<span style=\"text-decoration: line-through;\">k\u00f6v\u00e9r<\/span>) SAS m\u00e9gis olimpi\u00e1t akar rendezni?!<\/p>\n<p>Ahogy kor\u00e1bban tervezte?!<\/p>\n<p>Mert \u00e1lmodni csak szabad?!<\/p>\n<p>Mert d\u00e9delgetett \u00e1lm\u00e1r\u00f3l soha nem mondott le!<\/p>\n<p>Az m\u00e1s.<\/p>\n<p>M\u00e1s?<\/p>\n<p>Mert, ha elk\u00f6lt\u00f6tt\u00fck, akkor azt nem tudjuk m\u00e9g egyszer elk\u00f6lteni.<\/p>\n<p>Ezt minden h\u00e1zn\u00e1l tudj\u00e1k!<\/p>\n<p>Csak az a legszeg\u00e9nyebb, egykor \u00fcres tariszny\u00e1j\u00fa, kopott focicip\u0151j\u0171 fi\u00fa, aki m\u00e1ra m\u00e1r (<span style=\"text-decoration: line-through;\">k\u00f6v\u00e9r<\/span>) SAS lett, nem tudja.<\/p>\n<p>Neki ez a nap: \u00dcNNEP.<\/p>\n<p>\u00a0<\/p>\n<p>K\u00f6zben megjelenik a k\u00e9perny\u0151m\u00f6n a bej\u00e1tsz\u00e1s, hallatszanak a kir\u00edv\u00f3an durva, obszc\u00e9n szavak \u201efeh\u00e9r, fels\u0151bbrend\u0171, magyar f\u00e9rfiakt\u00f3l\u201d, beleb\u0151gnek-b\u00f6f\u00f6gnek a vil\u00e1gba: \u201e<strong><em>de megba@n\u00e1m\u2026. ba@ottul<\/em><\/strong>\u201d.<\/p>\n<p>\u00a0<\/p>\n<p>Nincs k\u00e9tszer!<\/p>\n<p>Csak az a pillanat, az \u201eakkor\u201d van.<\/p>\n<p>Ha elk\u00f6lt\u00f6d: elk\u00f6lt\u00f6tted.<\/p>\n<p>Magadra vess.<\/p>\n<p>\u201eVan m\u00e1sik!\u201d \u2013 mondta egykor E\u00f6tv\u00f6s G\u00e1bor.<\/p>\n<p>\u00c9s el\u0151h\u00fazta a m\u00e1sikat a ruh\u00e1j\u00e1b\u00f3l.<\/p>\n<p>\u00c9s akkor mindenki nagyot kacagott!<\/p>\n<p>\u00a0<\/p>\n<p>De az \u00e9letben nem \u00edgy van!<\/p>\n<p>\u00a0<\/p>\n<p>Ugye: megjegyezted\u2026<\/p>\n<ol start=\"2023\">\n<li>08. 21. h\u00e9tf\u0151<\/li>\n<\/ol>\n","protected":false},"excerpt":{"rendered":"<p>Nincs k\u00e9tszer! Csak az a pillanat, az \u201eakkor\u201d van. Ha elk\u00f6lt\u00f6d: elk\u00f6lt\u00f6tted. Magadra vess. \u201eVan m\u00e1sik!\u201d \u2013 mondta egykor E\u00f6tv\u00f6s G\u00e1bor. \u00c9s el\u0151h\u00fazta a m\u00e1sikat a ruh\u00e1j\u00e1b\u00f3l. \u00c9s akkor mindenki nagyot kacagott! \u00a0 De az \u00e9letben nem \u00edgy van! \u00a0 \u201eEhess, ihass, \u00f6lelhess, alhass!\u201d \u2013 \u00edrta a k\u00f6lt\u0151, \u00e9s t\u00fall\u00e9pett \u201ee mai kocsm\u00e1n, az \u00e9rtelemig [&hellip;]<\/p>\n","protected":false},"author":1,"featured_media":8036,"comment_status":"open","ping_status":"open","sticky":false,"template":"","format":"aside","meta":{"footnotes":""},"categories":[2],"tags":[831,832,639],"class_list":["post-8035","post","type-post","status-publish","format-aside","has-post-thumbnail","hentry","category-bejegyzes","tag-atletikai-vb","tag-augusztus-20-2","tag-ner","post_format-post-format-aside"],"_links":{"self":[{"href":"https:\/\/gyorgyradnai.eu\/wp-json\/wp\/v2\/posts\/8035","targetHints":{"allow":["GET"]}}],"collection":[{"href":"https:\/\/gyorgyradnai.eu\/wp-json\/wp\/v2\/posts"}],"about":[{"href":"https:\/\/gyorgyradnai.eu\/wp-json\/wp\/v2\/types\/post"}],"author":[{"embeddable":true,"href":"https:\/\/gyorgyradnai.eu\/wp-json\/wp\/v2\/users\/1"}],"replies":[{"embeddable":true,"href":"https:\/\/gyorgyradnai.eu\/wp-json\/wp\/v2\/comments?post=8035"}],"version-history":[{"count":1,"href":"https:\/\/gyorgyradnai.eu\/wp-json\/wp\/v2\/posts\/8035\/revisions"}],"predecessor-version":[{"id":8037,"href":"https:\/\/gyorgyradnai.eu\/wp-json\/wp\/v2\/posts\/8035\/revisions\/8037"}],"wp:featuredmedia":[{"embeddable":true,"href":"https:\/\/gyorgyradnai.eu\/wp-json\/wp\/v2\/media\/8036"}],"wp:attachment":[{"href":"https:\/\/gyorgyradnai.eu\/wp-json\/wp\/v2\/media?parent=8035"}],"wp:term":[{"taxonomy":"category","embeddable":true,"href":"https:\/\/gyorgyradnai.eu\/wp-json\/wp\/v2\/categories?post=8035"},{"taxonomy":"post_tag","embeddable":true,"href":"https:\/\/gyorgyradnai.eu\/wp-json\/wp\/v2\/tags?post=8035"}],"curies":[{"name":"wp","href":"https:\/\/api.w.org\/{rel}","templated":true}]}}