{"id":8044,"date":"2023-08-27T10:09:50","date_gmt":"2023-08-27T09:09:50","guid":{"rendered":"https:\/\/gyorgyradnai.eu\/?p=8044"},"modified":"2023-08-27T10:09:51","modified_gmt":"2023-08-27T09:09:51","slug":"a-szolga","status":"publish","type":"post","link":"https:\/\/gyorgyradnai.eu\/a-szolga\/","title":{"rendered":"A \u201eSZOLGA\u201d \u2026"},"content":{"rendered":"\n<p>I.<\/p>\n<p>\u00a0<\/p>\n<p>Varga Mih\u00e1ly p\u00e9nz\u00fcgyminiszter (is) megsz\u00f3lalt a Fidesz (<span style=\"text-decoration: line-through;\">h\u00e1zibulij\u00e1n<\/span>) rendezv\u00e9ny\u00e9n Tihanyban.<\/p>\n<p>\u201eMagyarorsz\u00e1g alapvet\u0151 \u00e9s j\u00f3l felfogott \u00e9rdeke, hogy az eur\u00f3 bevezet\u00e9s\u00e9nek felt\u00e9teleit mihamarabb teljes\u00edtse\u201d \u2013 mondta t\u00f6bbek k\u00f6z\u00f6tt. Azt is mondta (le\u00edrva is vagyon az index \u00e1ltal): \u201eaz els\u0151 l\u00e9p\u00e9s a hi\u00e1ny \u00e9s az \u00e1llamad\u00f3ss\u00e1g tov\u00e1bbi cs\u00f6kkent\u00e9se, aminek \u00e9rdek\u00e9ben a korm\u00e1ny a vesz\u00e9lyes nemzetk\u00f6zi k\u00f6rnyezetben is folytatja az egyens\u00falyi mutat\u00f3k jav\u00edt\u00e1s\u00e1t\u201d.<\/p>\n<p>\u0150sid\u0151kben, m\u00e9g az \u201e\u00e1tkosban\u201d, voltak \u201eaz egyszeri takar\u00e9koss\u00e1gi int\u00e9zked\u00e9sek\u201d. Azt\u00e1n a \u201ek\u00e9sre-men\u0151\u201d \u00e9ves k\u00f6lts\u00e9gvet\u00e9si csat\u00e1roz\u00e1sok: a 2 sz\u00e1zal\u00e9kos(!) dologi automatizmus megsz\u00fcntet\u00e9se, az \u201eegy\u00e9b fejleszt\u00e9sek\u201d rost\u00e1l\u00e1sa, a h\u00e1tt\u00e9rint\u00e9zm\u00e9nyek megsz\u00fcntet\u00e9se, meg tudom is \u00e9n m\u00e9g mi miden nyirb\u00e1l\u00e1s. Valahogy t\u00fal\u00e9lt\u00fck, elker\u00fclt\u00fck az \u00f6sszeoml\u00e1st. Igaz: a rendszer, az \u00e1tkos megsz\u0171nt, k\u00e9s\u0151bb a szoci-szadesz korm\u00e1ny megbukott, de nem lett cs\u0151d.<\/p>\n<p>M\u00e1r tizenh\u00e1rom \u00e9ve vannak (van) hatalmon.<\/p>\n<p>A \u201ezOrb\u00e1n\u201d!<\/p>\n<p>Azt csin\u00e1l, amit csak akar.<\/p>\n<p>Vesz\u00e9lyhelyzetben.<\/p>\n<p>Most a karcagi szolg\u00e1ja bevallja: b\u00e1r j\u00f3 lenne az \u201eajr\u00f3\u201d, ha lenne, de ahhoz ezt meg azt k\u00e9ne csin\u00e1lnunk.<\/p>\n<p>A \u201eDNS-SAS\u201d meg m\u00e1st akar.<\/p>\n<p>Ezt persze a karcagi leg\u00e9ny nem mondja.<\/p>\n<p>Annyira nem egy vag\u00e1ny leg\u00e9ny.<\/p>\n<p>Csak egy szolga(lelk\u0171) miniszter.<\/p>\n<p>M\u00e1r tudom is \u00e9n h\u00e1ny \u00e9ve!<\/p>\n<p>Ilyenek kellenek ma!<\/p>\n<p>Meg a \u201el\u00f6l\u0151f\u00e9l\u00e9k\u201d.<\/p>\n<p>A \u201ematolcsy-ivad\u00e9kok\u201d.<\/p>\n<p>A Porsche-gy\u0171jt\u0151k sok.<\/p>\n<p>A \u201eb\u00e1torok\u201d.<\/p>\n<p>Az \u201eandik\u201d.<\/p>\n<p>Meg akik meg\u00edrj\u00e1k, elmondj\u00e1k, p\u00e9ld\u00e1nak \u00e1ll\u00edtj\u00e1k.<\/p>\n<p>\u0150ket.<\/p>\n<p>Ja: te is kellesz hozz\u00e1, mint olvas\u00f3, n\u00e9z\u0151, (<span style=\"text-decoration: line-through;\">b\u00e9r<\/span>)tapsol\u00f3, \u00fajb\u00f3l \u00e9s \u00fajb\u00f3l megszavaz\u00f3.<\/p>\n<p>Aki elk\u00e1bulva n\u00e9zel csak magad el\u00e9, amikor elb\u00facs\u00fazol a gyerekt\u0151l.<\/p>\n<p>A rept\u00e9ren.<\/p>\n<p>Mert kiv\u00e1ndorol szerencs\u00e9t pr\u00f3b\u00e1lni\u2026<\/p>\n<p>\u00a0<\/p>\n<p>II.<\/p>\n<p>\u00a0<\/p>\n<p><strong>DE MINDJ\u00c1RT V\u00c9GE!<br \/><\/strong><br \/>\u201eMindj\u00e1rt v\u00e9ge!\u201d \u2013 hallom innen is, onnan is.<\/p>\n<p>\u201eT\u00e9nyleg v\u00e9ge?\u201d \u2013 gondolom (rem\u00e9nykedve).<\/p>\n<p>\u00a0<\/p>\n<p>Azt\u00e1n meghallom: \u201eaz atl\u00e9tikai VB-nek\u201d\u2026<\/p>\n<p>Hm, legal\u00e1bb annak.<\/p>\n<p>Az is valami.<\/p>\n<p>Mi j\u00f6n itthon?<\/p>\n<p>Az OTP liga.<\/p>\n<p>A Pusk\u00e1s Akad\u00e9mi\u00e1val, a Gyirm\u00f3ttal, Pakssal.<\/p>\n<p>Mit nem \u00edrok: a Gyirm\u00f3t nem is, bocsika.<\/p>\n<p>Mindegy.<\/p>\n<p>Kisv\u00e1rda, Mez\u0151k\u00f6vesd: dett\u00f3\u2026<\/p>\n<p>Viszont a Milos Kerkez meg az Vili Orb\u00e1n!<\/p>\n<p>Na l\u00e1tod!<\/p>\n<p>\u00a0<\/p>\n<p>\u201eMindj\u00e1rt v\u00e9ge!\u201d<\/p>\n<p>\u00a0<\/p>\n<p>Minek is?<\/p>\n<p>\u00a0<\/p>\n<p>\u201ePutyinn\u00e1l is rosszabb lehet, aki \u0151t k\u00f6veti majd Oroszorsz\u00e1g \u00e9l\u00e9n\u2026\u201d \u2013 \u00edrja az index.<\/p>\n<p>Mindegy.<\/p>\n<p>Ha m\u00e1r ut\u00e1na lenn\u00e9nk.<\/p>\n<p>De m\u00e9g nem vagyunk.<\/p>\n<p>M\u00e9g van h\u00e1tra.<\/p>\n<p>Ebb\u0151l egy nap.<\/p>\n<p>Ami biztosan megint t\u00f6rt\u00e9nelmi lesz.<\/p>\n<p>\u00a0<\/p>\n<p>\u201eMatolcsy Gy\u00f6rgy\u00e9k d\u00f6nt\u00e9s\u00e9t l\u00e9legzetvisszafojtva figyeli mindenki\u201d.<\/p>\n<p>Az indexn\u00e9l.<\/p>\n<p>Meg Tihanyban.<\/p>\n<p>Vajon a gyer\u00f6k milyen aut\u00f3t vesz h\u00e9tf\u0151n?<\/p>\n<p>\u00a0<\/p>\n<p>Mindegy.<\/p>\n<p>Neki biztosan van \u201eajr\u00f3ja\u201d\u2026<\/p>\n<p>\u00a0<\/p>\n<p>Mindegy.<\/p>\n<p>El\u0151bb-ut\u00f3bb voltt\u00e1 v\u00e1lik ez is\u2026<\/p>\n<ol start=\"2023\">\n<li>08. 27. vas\u00e1rnap<\/li>\n<\/ol>\n<p>(K\u00e9p: szotyola a kertb\u0151l)<\/p>\n","protected":false},"excerpt":{"rendered":"<p>I. \u00a0 Varga Mih\u00e1ly p\u00e9nz\u00fcgyminiszter (is) megsz\u00f3lalt a Fidesz (h\u00e1zibulij\u00e1n) rendezv\u00e9ny\u00e9n Tihanyban. \u201eMagyarorsz\u00e1g alapvet\u0151 \u00e9s j\u00f3l felfogott \u00e9rdeke, hogy az eur\u00f3 bevezet\u00e9s\u00e9nek felt\u00e9teleit mihamarabb teljes\u00edtse\u201d \u2013 mondta t\u00f6bbek k\u00f6z\u00f6tt. Azt is mondta (le\u00edrva is vagyon az index \u00e1ltal): \u201eaz els\u0151 l\u00e9p\u00e9s a hi\u00e1ny \u00e9s az \u00e1llamad\u00f3ss\u00e1g tov\u00e1bbi cs\u00f6kkent\u00e9se, aminek \u00e9rdek\u00e9ben a korm\u00e1ny a vesz\u00e9lyes nemzetk\u00f6zi [&hellip;]<\/p>\n","protected":false},"author":1,"featured_media":8045,"comment_status":"open","ping_status":"open","sticky":false,"template":"","format":"aside","meta":{"footnotes":""},"categories":[2],"tags":[639,133,35],"class_list":["post-8044","post","type-post","status-publish","format-aside","has-post-thumbnail","hentry","category-bejegyzes","tag-ner","tag-olimpia","tag-orban","post_format-post-format-aside"],"_links":{"self":[{"href":"https:\/\/gyorgyradnai.eu\/wp-json\/wp\/v2\/posts\/8044","targetHints":{"allow":["GET"]}}],"collection":[{"href":"https:\/\/gyorgyradnai.eu\/wp-json\/wp\/v2\/posts"}],"about":[{"href":"https:\/\/gyorgyradnai.eu\/wp-json\/wp\/v2\/types\/post"}],"author":[{"embeddable":true,"href":"https:\/\/gyorgyradnai.eu\/wp-json\/wp\/v2\/users\/1"}],"replies":[{"embeddable":true,"href":"https:\/\/gyorgyradnai.eu\/wp-json\/wp\/v2\/comments?post=8044"}],"version-history":[{"count":1,"href":"https:\/\/gyorgyradnai.eu\/wp-json\/wp\/v2\/posts\/8044\/revisions"}],"predecessor-version":[{"id":8046,"href":"https:\/\/gyorgyradnai.eu\/wp-json\/wp\/v2\/posts\/8044\/revisions\/8046"}],"wp:featuredmedia":[{"embeddable":true,"href":"https:\/\/gyorgyradnai.eu\/wp-json\/wp\/v2\/media\/8045"}],"wp:attachment":[{"href":"https:\/\/gyorgyradnai.eu\/wp-json\/wp\/v2\/media?parent=8044"}],"wp:term":[{"taxonomy":"category","embeddable":true,"href":"https:\/\/gyorgyradnai.eu\/wp-json\/wp\/v2\/categories?post=8044"},{"taxonomy":"post_tag","embeddable":true,"href":"https:\/\/gyorgyradnai.eu\/wp-json\/wp\/v2\/tags?post=8044"}],"curies":[{"name":"wp","href":"https:\/\/api.w.org\/{rel}","templated":true}]}}