{"id":8076,"date":"2023-09-08T15:24:50","date_gmt":"2023-09-08T14:24:50","guid":{"rendered":"https:\/\/gyorgyradnai.eu\/?p=8076"},"modified":"2023-09-08T15:24:50","modified_gmt":"2023-09-08T14:24:50","slug":"inflacio-a-ner-koraban","status":"publish","type":"post","link":"https:\/\/gyorgyradnai.eu\/inflacio-a-ner-koraban\/","title":{"rendered":"INFL\u00c1CI\u00d3 A NER KOR\u00c1BAN"},"content":{"rendered":"\n<p>Alapeset: nincs.<\/p>\n<p>Ha m\u00e9gis van: \u201eh\u00e1bor\u00fas szankci\u00f3k\u201d, \u201ebr\u00fcsszeli b\u00fcrokrat\u00e1k\u201d, \u201ek\u00fclf\u00f6ldi multik\u201d stb. okozz\u00e1k, tess\u00e9k v\u00e1lasztani.<\/p>\n<p>Ha tov\u00e1bbra is: gyomrosokat visz be neki a korm\u00e1ny, r\u00e1sz\u00e1mol a celeb-sz\u00f3viv\u0151, utas\u00edt\u00e1st ad a \u201eDNS\u201d.<\/p>\n<p>Amikor kezd elviselhetetlenn\u00e9 v\u00e1lni: meg\u00edg\u00e9ri a miniszter, hogy cs\u00f6kkenni is fog valamikor, \u00e9vv\u00e9g\u00e9re ak\u00e1r egysz\u00e1mjegy\u0171 is lehet, k\u00fcl\u00f6nben is, minek annyit zab\u00e1lni, olyan sok\u00e1 \u00e9lni a nyugd\u00edjasoknak.<\/p>\n<p>Amikor m\u00e1r ez sem el\u00e9g, akkor sikeres Atl\u00e9tikai VB-t rendez az \u201eorsz\u00e1g\u201d, hogy libab\u0151r\u00f6s lesz, ki ez\u00e9r\u2019, ki az\u00e9r\u2019.<\/p>\n<p>Amikor v\u00e9gre \u201ecsak\u201d 16,4% lesz az infl\u00e1ci\u00f3, amivel toronymagasan vezeti Magyarorsz\u00e1g az eur\u00f3pai statisztik\u00e1t, akkor Nagy M\u00e1rton puf\u00f3k miniszter (<span style=\"text-decoration: line-through;\">nagy pof\u00e1val<\/span>) bejelenti: \u201eA korm\u00e1ny int\u00e9zked\u00e9seinek k\u00f6sz\u00f6nhet\u0151en m\u00e1r h\u00e9t h\u00f3napja folyamatosan cs\u00f6kken az infl\u00e1ci\u00f3\u201d.<\/p>\n<p>A cs\u00f6kken\u00e9s m\u00e9rt\u00e9k\u00e9r\u0151l, sebess\u00e9g\u00e9r\u0151l nem tesz eml\u00edt\u00e9st se.<\/p>\n<p>\u00a0<\/p>\n<p>A vicc jut az eszembe:<\/p>\n<p>Az \u00f6reg sz\u00e9kely \u00e9let\u00e9ben el\u0151sz\u00f6r elmegy az \u00e1llatkertbe, majd azt\u00e1n amikor hazamegy, a szomsz\u00e9dja azonnal elkezdi k\u00e9rdezgetni<\/p>\n<p>\u00a0<\/p>\n<p>&#8211; Mit l\u00e1tt\u00e1l az \u00e1llatkertben, kom\u00e1m?<\/p>\n<p>&#8211; L\u00e1ttam egy zebr\u00e1t.<\/p>\n<p>&#8211; \u00c9s az milyen?<\/p>\n<p>&#8211; Tudod te, hogy milyen a l\u00f3?<\/p>\n<p>&#8211; Tudom.<\/p>\n<p>&#8211; Na, h\u00e1t ez ugyanolyan, csak cs\u00edkos.<\/p>\n<p>&#8211; \u00c9s m\u00e9g mit l\u00e1tt\u00e1l?<\/p>\n<p>&#8211; Zsir\u00e1fot.<\/p>\n<p>&#8211; H\u00e1t az milyen?<\/p>\n<p>&#8211; Tudod, milyen a l\u00f3?<\/p>\n<p>&#8211; Tudom.<\/p>\n<p>&#8211; Na, h\u00e1t ez ugyanolyan, csak hosszabb a nyaka.<\/p>\n<p>&#8211; \u00c9s l\u00e1tt\u00e1l m\u00e9g valamit?<\/p>\n<p>&#8211; Pingvint.<\/p>\n<p>&#8211; Na, \u00e9s az milyen?<\/p>\n<p>&#8211; Tudod te, hogy milyen a l\u00f3?<\/p>\n<p>&#8211; Tudom.<\/p>\n<p>&#8211; Na, h\u00e1t ez nem olyan.<\/p>\n<p>\u00a0<\/p>\n<ol start=\"2023\">\n<li>09. 08. p\u00e9ntek<\/li>\n<\/ol>\n<p>\u00a0<\/p>\n","protected":false},"excerpt":{"rendered":"<p>Alapeset: nincs. Ha m\u00e9gis van: \u201eh\u00e1bor\u00fas szankci\u00f3k\u201d, \u201ebr\u00fcsszeli b\u00fcrokrat\u00e1k\u201d, \u201ek\u00fclf\u00f6ldi multik\u201d stb. okozz\u00e1k, tess\u00e9k v\u00e1lasztani. Ha tov\u00e1bbra is: gyomrosokat visz be neki a korm\u00e1ny, r\u00e1sz\u00e1mol a celeb-sz\u00f3viv\u0151, utas\u00edt\u00e1st ad a \u201eDNS\u201d. Amikor kezd elviselhetetlenn\u00e9 v\u00e1lni: meg\u00edg\u00e9ri a miniszter, hogy cs\u00f6kkenni is fog valamikor, \u00e9vv\u00e9g\u00e9re ak\u00e1r egysz\u00e1mjegy\u0171 is lehet, k\u00fcl\u00f6nben is, minek annyit zab\u00e1lni, olyan sok\u00e1 [&hellip;]<\/p>\n","protected":false},"author":1,"featured_media":8077,"comment_status":"open","ping_status":"open","sticky":false,"template":"","format":"aside","meta":{"footnotes":""},"categories":[2],"tags":[813,639],"class_list":["post-8076","post","type-post","status-publish","format-aside","has-post-thumbnail","hentry","category-bejegyzes","tag-inflacio","tag-ner","post_format-post-format-aside"],"_links":{"self":[{"href":"https:\/\/gyorgyradnai.eu\/wp-json\/wp\/v2\/posts\/8076","targetHints":{"allow":["GET"]}}],"collection":[{"href":"https:\/\/gyorgyradnai.eu\/wp-json\/wp\/v2\/posts"}],"about":[{"href":"https:\/\/gyorgyradnai.eu\/wp-json\/wp\/v2\/types\/post"}],"author":[{"embeddable":true,"href":"https:\/\/gyorgyradnai.eu\/wp-json\/wp\/v2\/users\/1"}],"replies":[{"embeddable":true,"href":"https:\/\/gyorgyradnai.eu\/wp-json\/wp\/v2\/comments?post=8076"}],"version-history":[{"count":1,"href":"https:\/\/gyorgyradnai.eu\/wp-json\/wp\/v2\/posts\/8076\/revisions"}],"predecessor-version":[{"id":8078,"href":"https:\/\/gyorgyradnai.eu\/wp-json\/wp\/v2\/posts\/8076\/revisions\/8078"}],"wp:featuredmedia":[{"embeddable":true,"href":"https:\/\/gyorgyradnai.eu\/wp-json\/wp\/v2\/media\/8077"}],"wp:attachment":[{"href":"https:\/\/gyorgyradnai.eu\/wp-json\/wp\/v2\/media?parent=8076"}],"wp:term":[{"taxonomy":"category","embeddable":true,"href":"https:\/\/gyorgyradnai.eu\/wp-json\/wp\/v2\/categories?post=8076"},{"taxonomy":"post_tag","embeddable":true,"href":"https:\/\/gyorgyradnai.eu\/wp-json\/wp\/v2\/tags?post=8076"}],"curies":[{"name":"wp","href":"https:\/\/api.w.org\/{rel}","templated":true}]}}