{"id":8160,"date":"2023-10-16T11:47:31","date_gmt":"2023-10-16T10:47:31","guid":{"rendered":"https:\/\/gyorgyradnai.eu\/?p=8160"},"modified":"2023-10-16T12:59:42","modified_gmt":"2023-10-16T11:59:42","slug":"naploszeruen-153","status":"publish","type":"post","link":"https:\/\/gyorgyradnai.eu\/naploszeruen-153\/","title":{"rendered":"NAPL\u0150SZER\u0170EN"},"content":{"rendered":"\n<p>(154.)<\/p>\n<p>Egy keddi napon, m\u00e9g m\u00e1rciusban \u00edrtam ide az utols\u00f3 bejegyz\u00e9semet. T\u00f6bbek k\u00f6z\u00f6tt arr\u00f3l, hogy megjelent a Magyar K\u00f6zl\u00f6nyben a 79\/2023. (III. 13.) Korm. rendelet, a \u201ea nemzetgazdas\u00e1g v\u00e9delmi \u00e9s biztons\u00e1gi felk\u00e9sz\u00edt\u00e9s\u00e9nek, mozg\u00f3s\u00edt\u00e1s\u00e1nak, valamint a tartal\u00e9kol\u00e1s v\u00e9grehajt\u00e1s\u00e1nak szab\u00e1lyoz\u00e1s\u00e1r\u00f3l\u201d. Mert b\u00e9k\u00e9t akarunk. H\u00e1t f\u00f6lk\u00e9sz\u00fcl\u00fcnk. Ker\u00e9kp\u00e1rral. A Szalay-Bobrovnickyvel.\u201d<\/p>\n<p>Akkor hagytam abba.<\/p>\n<p>A napl\u00f3-\u00edr\u00e1st.<\/p>\n<p>M\u00e1r nem is eml\u00e9kszem, mi\u00e9rt.<\/p>\n<p>Tal\u00e1n \u201ekev\u00e9snek\u201d \u00e9reztem, gondoltam.<\/p>\n<p>Az \u00edr\u00e1st.<\/p>\n<p>Hat\u00e1stalannak.<\/p>\n<p>Nem el\u00e9g \u201eharciasnak\u201d.<\/p>\n<p>Sajnos most se tudok jobbat\u2026<\/p>\n<p>\u00a0<\/p>\n<p>Az\u00f3ta tov\u00e1bb romlott a helyzet: kint is, bent is.<\/p>\n<p>\u00a0<\/p>\n<p>Pedig Thessz\u00e1val az\u00f3ta is, minden nap s\u00e9t\u00e1lunk. Amikor itthon vagyok. A m\u00faltkoriban k\u00fclf\u00f6ldre, a nem is l\u00e9tez\u0151 N\u00e9metorsz\u00e1gba ment\u00fcnk Marival, a feles\u00e9gemmel. Nektek meg Thessz\u00e1nak legyen mondva, odakinn \u201evalahogyan-norm\u00e1lisan\u201d m\u00e9gis \u00e9lnek, ahogyan nek\u00fcnk is k\u00e9ne: mosolyogva s\u00e9t\u00e1lva az utc\u00e1kon, vir\u00e1gos kertekkel minden\u00fctt, sehol sem k\u00e9ne a kocsival k\u00e1ty\u00fas utakon z\u00f6tyk\u00f6l\u0151dn\u00fcnk \u2013 nem tudva, hogy m\u00e1r nem is l\u00e9tez\u00fcnk, ahogyan a MAGYAR Schmidt Mariska mondta r\u00e1juk akkoriban. M\u00e1skor alig v\u00e1rtam, hogy haza\u00e9rjek \u2013 most meg\u2026<\/p>\n<p>Thessz\u00e1nak f\u00fclig \u00e9rt a (<span style=\"text-decoration: line-through;\">pof\u00e1ja<\/span>) sz\u00e1ja, ugr\u00e1lt egyik\u00fcnkr\u0151l a m\u00e1sikunkra, incselkedett vel\u00fcnk: egyszer\u0171en \u00f6r\u00fclt.<\/p>\n<p>\u00a0<\/p>\n<p>Hamar visszaz\u00f6kkent\u00fcnk.<\/p>\n<p>A k\u00e1ty\u00fas-z\u00f6tyk\u00f6l\u0151d\u00e9sbe.<\/p>\n<p>A hazud\u00f3s magyar vil\u00e1gba; az \u00f6r\u00f6k\u00f6s \u00edg\u00e9rget\u00e9sekbe; a sehova nem vezet\u0151, \u00fajabb \u00e9s \u00fajabb, majd hamv\u00e1ba d\u0151l\u0151 programokba; a dagony\u00e1ba.<\/p>\n<p>Oldalra ford\u00edtom a fejem, a k\u00f6nyvespolcomra pillantok: Komor\u00f3czy G\u00e9za, Dr. Nyiszli Mikl\u00f3s, K\u0151b\u00e1nyai J\u00e1nos, Georg Orwell \u00e9s Goebbels Napl\u00f3ja vannak szemmagass\u00e1gban a polcokon, meg Ember M\u00e1ria, Perintfalvi Rita, G\u00f6rgey G\u00e1bor, Zolt\u00e1n G\u00e1bor, Al Ghaoui Hesna\u2026<\/p>\n<p>\u00a0<\/p>\n<p>Azt\u00e1n az \u00edr\u00f3asztalomon \u201erendetlen\u00fcl\u201d, keresztbe-kasul egym\u00e1son hever\u0151 k\u00f6nyvek k\u00f6z\u00fcl f\u00f6lemelem az Eur\u00f3pa \u00e1rul\u00e1sa-t, belelapozok: \u201eHaffner h\u00e1rom t\u00e9nyez\u0151 egym\u00e1st k\u00f6lcs\u00f6n\u00f6sen er\u0151s\u00edt\u0151 hat\u00e1s\u00e1ban l\u00e1tta a n\u00e1ci vil\u00e1g t\u00e9rh\u00f3d\u00edt\u00e1s\u00e1nak ok\u00e1t: a senkih\u00e1zi heccpr\u00f3f\u00e9ta arc\u00e1tlans\u00e1g\u00e1ban, az \u0151t k\u00f6r\u00fclvev\u0151 idom\u00e1rok b\u00e1rgy\u00fas\u00e1g\u00e1ban \u00e9s a k\u00f6z\u00f6ns\u00e9g dermedt hipn\u00f3zis\u00e1ban\u2026\u201d \u2013 olvasom \u00e9s egy pillanatra elcsod\u00e1lkozom, semmi nem v\u00e1ltozik, sem a heccpr\u00f3f\u00e9ta, sem az idom\u00e1rok tehetetlen b\u00e1rgy\u00fas\u00e1ga, sem a dermedts\u00e9g\u00fcnk. \u201eN\u00e9metorsz\u00e1gban az\u00e9rt nincs forradalom, mert tilos\u201d \u2013 \u00edrja m\u00e1sutt, ahol \u00e9ppen kiny\u00edlik a k\u00f6nyv, a fejezet c\u00edme: \u201eAz 1 sz\u00e1zal\u00e9k\u201d; \u201eNem fordult meg a fej\u00e9ben a n\u00e1ci rendszer alatt egyetlen alkalommal sem, hogy valamilyen m\u00f3don szembeforduljon vele?\u201d \u2013 olvasom tov\u00e1bb, majd a v\u00e1laszt is \u201eHoooogy tehettem volna! Ugyan hooogy tehettem volna! Mit k\u00e9pzel maga?\u201d<\/p>\n<p>\u00a0<\/p>\n<p>T\u00e9nyleg, mit k\u00e9pzelek \u00e9n, hisz most nincs n\u00e1cizmus, se Hitler, se\u2026<\/p>\n<p>\u00a0<\/p>\n<p>K\u00f6zben f\u00f6lugrik a cikk: \u201eMatolcsy Gy\u00f6rgy\u00e9k el\u00e1rult\u00e1k, hogyan lehet t\u00f6bb p\u00e9nz\u00fcnk k\u00f6nnyed\u00e9n\u201d, mintha ez lenne most a legf\u0151bb gond, hogy hova rakjuk a p\u00e9nz\u00fcnket a cih\u00e1b\u00f3l \u2013 lassan ciha sincs, pedig j\u00f6n a hideg\u2026<\/p>\n<p>\u00a0<\/p>\n<p>Thessza \u00f3vatosan kik\u00e1sz\u00e1l\u00f3dik az \u00edr\u00f3asztal al\u00f3l, b\u00f6k\u00f6dni kezdi a l\u00e1bamat: \u201enem l\u00e1tod, gazdi, most kis\u00fct\u00f6tt a nap, gyere m\u00e1r, hagyd a francba az \u00edr\u00e1st. \u00fagy sincs \u00e9rtelme\u2026\u201d<\/p>\n<ol start=\"2023\">\n<li>10. 16. h\u00e9tf\u0151<\/li>\n<\/ol>\n","protected":false},"excerpt":{"rendered":"<p>(154.) Egy keddi napon, m\u00e9g m\u00e1rciusban \u00edrtam ide az utols\u00f3 bejegyz\u00e9semet. T\u00f6bbek k\u00f6z\u00f6tt arr\u00f3l, hogy megjelent a Magyar K\u00f6zl\u00f6nyben a 79\/2023. (III. 13.) Korm. rendelet, a \u201ea nemzetgazdas\u00e1g v\u00e9delmi \u00e9s biztons\u00e1gi felk\u00e9sz\u00edt\u00e9s\u00e9nek, mozg\u00f3s\u00edt\u00e1s\u00e1nak, valamint a tartal\u00e9kol\u00e1s v\u00e9grehajt\u00e1s\u00e1nak szab\u00e1lyoz\u00e1s\u00e1r\u00f3l\u201d. Mert b\u00e9k\u00e9t akarunk. H\u00e1t f\u00f6lk\u00e9sz\u00fcl\u00fcnk. Ker\u00e9kp\u00e1rral. A Szalay-Bobrovnickyvel.\u201d Akkor hagytam abba. A napl\u00f3-\u00edr\u00e1st. M\u00e1r nem is eml\u00e9kszem, [&hellip;]<\/p>\n","protected":false},"author":1,"featured_media":8161,"comment_status":"open","ping_status":"open","sticky":false,"template":"","format":"aside","meta":{"footnotes":""},"categories":[2],"tags":[725],"class_list":["post-8160","post","type-post","status-publish","format-aside","has-post-thumbnail","hentry","category-bejegyzes","tag-naploszeruen","post_format-post-format-aside"],"_links":{"self":[{"href":"https:\/\/gyorgyradnai.eu\/wp-json\/wp\/v2\/posts\/8160","targetHints":{"allow":["GET"]}}],"collection":[{"href":"https:\/\/gyorgyradnai.eu\/wp-json\/wp\/v2\/posts"}],"about":[{"href":"https:\/\/gyorgyradnai.eu\/wp-json\/wp\/v2\/types\/post"}],"author":[{"embeddable":true,"href":"https:\/\/gyorgyradnai.eu\/wp-json\/wp\/v2\/users\/1"}],"replies":[{"embeddable":true,"href":"https:\/\/gyorgyradnai.eu\/wp-json\/wp\/v2\/comments?post=8160"}],"version-history":[{"count":2,"href":"https:\/\/gyorgyradnai.eu\/wp-json\/wp\/v2\/posts\/8160\/revisions"}],"predecessor-version":[{"id":8163,"href":"https:\/\/gyorgyradnai.eu\/wp-json\/wp\/v2\/posts\/8160\/revisions\/8163"}],"wp:featuredmedia":[{"embeddable":true,"href":"https:\/\/gyorgyradnai.eu\/wp-json\/wp\/v2\/media\/8161"}],"wp:attachment":[{"href":"https:\/\/gyorgyradnai.eu\/wp-json\/wp\/v2\/media?parent=8160"}],"wp:term":[{"taxonomy":"category","embeddable":true,"href":"https:\/\/gyorgyradnai.eu\/wp-json\/wp\/v2\/categories?post=8160"},{"taxonomy":"post_tag","embeddable":true,"href":"https:\/\/gyorgyradnai.eu\/wp-json\/wp\/v2\/tags?post=8160"}],"curies":[{"name":"wp","href":"https:\/\/api.w.org\/{rel}","templated":true}]}}