{"id":8164,"date":"2023-10-17T19:07:23","date_gmt":"2023-10-17T18:07:23","guid":{"rendered":"https:\/\/gyorgyradnai.eu\/?p=8164"},"modified":"2023-10-17T20:04:03","modified_gmt":"2023-10-17T19:04:03","slug":"naploszeruen-154","status":"publish","type":"post","link":"https:\/\/gyorgyradnai.eu\/naploszeruen-154\/","title":{"rendered":"NAPL\u00d3SZER\u0170EN"},"content":{"rendered":"\n<p>(155.)<\/p>\n<p>Ma a focip\u00e1lya mellett a temet\u0151 fel\u00e9 s\u00e9t\u00e1ltunk Thessz\u00e1val, itt is \u201egy\u00f6ngyszemm\u00e9 lett\u201d a \u201ekatlan\u201d, ahol a megyei bajnoks\u00e1gban r\u00fagj\u00e1k a fi\u00fak a b\u0151rgoly\u00f3bist. Egyszer-egyszer kiment\u00fcnk meccset n\u00e9zni pap\u00e1val, aki mindig mosolygott, m\u00e9g akkor is, amikor g\u00f3lt kaptunk \u2013 most ott pihen a nagy-fa t\u00f6v\u00e9ben\u2026<\/p>\n<p>\u00a0<\/p>\n<p>Hosszabb volt az utunk a szok\u00e1sosn\u00e1l, h\u00e1t t\u00f6bbet is mormogtam a bajuszom alatt Thessz\u00e1nak, de \u0151 nem figyelt r\u00e1m: elszaladt t\u0151lem, f\u00f6l-f\u00f6l t\u00farta az orr\u00e1val az \u00fatsz\u00e9li avart, azt\u00e1n visszaj\u00f6tt hozz\u00e1m, \u201emi lesz m\u00e1r, mi\u00e9rt nem baktatsz gyorsabban\u201d \u2013 k\u00e9rdezte szemeivel, azt\u00e1n megint el\u0151bbre rohant. Arra gondoltam, amit olvastam, miel\u0151tt elindultunk: \u201eMinden eddigin\u00e9l t\u00f6bb, 13 milli\u00f3 forintnyi megtakar\u00edt\u00e1s jut \u00e1tlagosan egy magyar h\u00e1ztart\u00e1sra\u201d. Biztos \u00edgy van, ha le\u00edrt\u00e1k \u2013 gondoltam, mert megn\u00e9ztem a sz\u00e1mokat is, a grafikont is. Azt\u00e1n az a mondat ugrik be: \u201eA pozit\u00edv k\u00e9pet \u00e1rnyalja, hogy az infl\u00e1ci\u00f3t is figyelembe v\u00e9ve a megtakar\u00edt\u00e1sok \u00e9rt\u00e9ke jelenleg a 2019 harmadik negyed\u00e9vihez k\u00f6zel\u00edt, \u00e9s az eloszl\u00e1suk is nagyon egyenl\u0151tlen\u2026\u201d. Ha ezt elolvassa egy \u201e\u00e1tlagos magyar h\u00e1ztart\u00e1rs\u201d-f\u0151 vagy a feles\u00e9ge, lehet, nagy balh\u00e9 keveredik bel\u0151le \u00e9s \u00f6sszevesznek, hogy \u0151k m\u00e9g \u201e\u00e1tlagosak\u201d se nem\u2026<\/p>\n<p>Thessza r\u00e1ngatni kezdi a p\u00f3r\u00e1z\u00e1t, a temet\u0151 h\u00e1ts\u00f3 bej\u00e1rat\u00e1n\u00e1l f\u00f6lp\u00fapoz\u00f3dott macska n\u00e9z vele \u201efarkasszemet\u201d, de csak halkan kell sz\u00f3lnom \u00e9s m\u00e1r minden rendben van. K\u00f6zben vill\u00f3dznak a szemem el\u0151tt az olvasott sz\u00e1mok: a leggazdagabb 30% kez\u00e9ben van a vagyon 83%-a, a legszeg\u00e9nyebb 30%-nak csak 5 sz\u00e1zal\u00e9k jut. Minek ide az \u00e1tlag, kit akartak ezzel froclizni \u00e9s mi\u00e9rt?! \u00c1, hagyjuk a francba \u2013 s\u00fagom magamnak, de hangosabbra sikeredett, h\u00e1t Thessza \u2013 l\u00f3g\u00f3-v\u00f6r\u00f6sl\u00f3 nyelvvel \u00e9s csillog\u00f3 szemekkel \u2013 visszalohol hozz\u00e1m, hogy mi lehet a baj, de l\u00e1tja, csak a szok\u00e1sos, h\u00e1t megint el\u0151refut.<\/p>\n<p>M\u00e1r benn is vagyok, Thessza kinn marad a ker\u00edt\u00e9sn\u00e9l, tudja, nem csapom be, h\u00e1t le\u00fcl \u00e9s figyeli, ahogy a s\u00edrok k\u00f6z\u00f6tt Pap\u00e1hoz-Mam\u00e1hoz baktatok, teszek-veszek, a k\u00f6z\u00f6s kar\u00e1csonyokra, bereki-bucsai haza utaz\u00e1sokra gondolok, Binczi-b\u00e1ra, Bandib\u00e1ra, Eri n\u00e9nire gondolok, azt\u00e1n k\u00f6r\u00fcln\u00e9zek, senki sincs ilyenkor a s\u00edrok k\u00f6zt\u2026<\/p>\n<p>M\u00e1r megy\u00fcnk is visszafel\u00e9, ugyan\u00fagy, ahogy j\u00f6tt\u00fcnk, most az, esti meccs j\u00e1r a fejemben, meg a magyar szurkol\u00f3k meccs el\u0151tti balh\u00e9ja az ukr\u00e1n z\u00e1szl\u00f3val \u2013 nem hazudtolj\u00e1k meg magukat a fijj\u00fa\u00fa\u00fak\u201d \u2013 gondolom, a Szijj\u00e1rt\u00f3 m\u00e1r biztosan int\u00e9zkedett K\u00edn\u00e1b\u00f3l. Azt\u00e1n beugrik a k\u00e9zr\u00e1z\u00e1s a k\u00f6r\u00f6z\u00f6ttel, ahogy ott \u00fcl \u00e9s idegesen babr\u00e1l, az ing\u00e9t h\u00fazogatja a has\u00e1n, a pap\u00edrjait rendezgeti \u2013 mik\u00f6zben a m\u00e1sik, az \u00e1ll\u00edt\u00f3lag beteg ember nyugodtan besz\u00e9l.<\/p>\n<p>M\u00e1sok hogy-hogy nem l\u00e1tj\u00e1k? Persze: \u00e9lni kell valamib\u0151l, az 5% semmire nem el\u00e9g, bele kell t\u00f6r\u0151dni, ha kell, akkor kollabor\u00e1lni is, azt\u00e1n majd megl\u00e1tjuk. Beugrik (Jean Bruller) Vercors k\u00f6nyve, A tenger csendje, Von Ebrennac figur\u00e1ja, aki a francia megsz\u00e1ll\u00e1s alatt is a \u201en\u00e9met j\u00f3sz\u00e1nd\u00e9kban&#8221; hisz, s\u0151t ezt akarja elhitetni francia k\u00f6rnyezet\u00e9vel is, \u201eHagyni kell a franci\u00e1kat, hadd ringass\u00e1k magukat ill\u00fazi\u00f3ikban. Ahhoz, hogy megsemmis\u00edts\u00fck \u0151ket, el\u0151sz\u00f6r le kell v\u00e1gni karmaikat. H\u00e1t nem \u00e9rti, hogy r\u00e1szedj\u00fck \u0151ket?&#8221; \u2013 mondta valahol \u2026 mi sem l\u00e1tjuk, pedig m\u00e1r r\u00e9g lev\u00e1gt\u00e1k a karmainkat\u2026<\/p>\n<p>\u00a0<\/p>\n<p>M\u00e1r itthon is vagyunk, haza\u00e9rt\u00fcnk\u2026<\/p>\n<ol start=\"2023\">\n<li>10. 17. kedd<\/li>\n<\/ol>\n","protected":false},"excerpt":{"rendered":"<p>(155.) Ma a focip\u00e1lya mellett a temet\u0151 fel\u00e9 s\u00e9t\u00e1ltunk Thessz\u00e1val, itt is \u201egy\u00f6ngyszemm\u00e9 lett\u201d a \u201ekatlan\u201d, ahol a megyei bajnoks\u00e1gban r\u00fagj\u00e1k a fi\u00fak a b\u0151rgoly\u00f3bist. Egyszer-egyszer kiment\u00fcnk meccset n\u00e9zni pap\u00e1val, aki mindig mosolygott, m\u00e9g akkor is, amikor g\u00f3lt kaptunk \u2013 most ott pihen a nagy-fa t\u00f6v\u00e9ben\u2026 \u00a0 Hosszabb volt az utunk a szok\u00e1sosn\u00e1l, h\u00e1t t\u00f6bbet [&hellip;]<\/p>\n","protected":false},"author":1,"featured_media":8165,"comment_status":"open","ping_status":"open","sticky":false,"template":"","format":"aside","meta":{"footnotes":""},"categories":[2],"tags":[725],"class_list":["post-8164","post","type-post","status-publish","format-aside","has-post-thumbnail","hentry","category-bejegyzes","tag-naploszeruen","post_format-post-format-aside"],"_links":{"self":[{"href":"https:\/\/gyorgyradnai.eu\/wp-json\/wp\/v2\/posts\/8164","targetHints":{"allow":["GET"]}}],"collection":[{"href":"https:\/\/gyorgyradnai.eu\/wp-json\/wp\/v2\/posts"}],"about":[{"href":"https:\/\/gyorgyradnai.eu\/wp-json\/wp\/v2\/types\/post"}],"author":[{"embeddable":true,"href":"https:\/\/gyorgyradnai.eu\/wp-json\/wp\/v2\/users\/1"}],"replies":[{"embeddable":true,"href":"https:\/\/gyorgyradnai.eu\/wp-json\/wp\/v2\/comments?post=8164"}],"version-history":[{"count":2,"href":"https:\/\/gyorgyradnai.eu\/wp-json\/wp\/v2\/posts\/8164\/revisions"}],"predecessor-version":[{"id":8167,"href":"https:\/\/gyorgyradnai.eu\/wp-json\/wp\/v2\/posts\/8164\/revisions\/8167"}],"wp:featuredmedia":[{"embeddable":true,"href":"https:\/\/gyorgyradnai.eu\/wp-json\/wp\/v2\/media\/8165"}],"wp:attachment":[{"href":"https:\/\/gyorgyradnai.eu\/wp-json\/wp\/v2\/media?parent=8164"}],"wp:term":[{"taxonomy":"category","embeddable":true,"href":"https:\/\/gyorgyradnai.eu\/wp-json\/wp\/v2\/categories?post=8164"},{"taxonomy":"post_tag","embeddable":true,"href":"https:\/\/gyorgyradnai.eu\/wp-json\/wp\/v2\/tags?post=8164"}],"curies":[{"name":"wp","href":"https:\/\/api.w.org\/{rel}","templated":true}]}}