{"id":8180,"date":"2023-10-26T11:19:17","date_gmt":"2023-10-26T10:19:17","guid":{"rendered":"https:\/\/gyorgyradnai.eu\/?p=8180"},"modified":"2023-10-26T11:19:17","modified_gmt":"2023-10-26T10:19:17","slug":"utvonal-terv-te-fizeted-nem-o","status":"publish","type":"post","link":"https:\/\/gyorgyradnai.eu\/utvonal-terv-te-fizeted-nem-o\/","title":{"rendered":"\u00daTVONAL-TERV \u2013 TE FIZETED, NEM \u0150"},"content":{"rendered":"\n<p>A k\u00f6zp\u00e9nzen r\u00f6pk\u00f6d\u0151 megint rep\u00fcl\u0151re sz\u00e1llt.<\/p>\n<p>Oszt elrep\u00fclt.<\/p>\n<p>A c\u00e9l: a Nap, a Hold, a Fradi.<\/p>\n<p>Nem titkolja.<\/p>\n<p>Nem is sz\u00e9gyelli, s\u0151t: b\u00fcszk\u00e9n a pof\u00e1dba v\u00e1gja!!!<\/p>\n<p>Hogy \u0151 azt csin\u00e1l, amit csak akar: oda rep\u00fcl, oda xa@ik, ott eszik Hot-Dogot, ahol \u00e9s amikor neki tetszik.<\/p>\n<p>Te \u201ecsak\u201d fizesd a cechet.<\/p>\n<p>\u00a0<\/p>\n<p>Reggel elmondta: ma megy a Fradi meccsre.<\/p>\n<p>Gentbe.<\/p>\n<p>De ennyi nem el\u00e9g: egy k\u00fcl\u00fcgy\u00e9r\u2019 m\u00e9giscsak k\u00fcl\u00fcgy\u00e9r\u2019.<\/p>\n<p>Sz\u00f3val: odafele \u00fatba ejti Minszket, Tbiliszit is.<\/p>\n<p>Ja, hogy az nem arrafel\u00e9 van?<\/p>\n<p>H\u00e1tha nem ismered a t\u00e9rk\u00e9pet.<\/p>\n<p>Meg hogy arrafel\u00e9 nem szeretik a civileket, az \u00f6n\u00e1ll\u00f3an gondolkod\u00f3kat \u2013 m\u00e9g be is csukj\u00e1k \u0151ket!<\/p>\n<p>Itthon se szeretik \u0151ket.<\/p>\n<p>A \u201em\u00e1sk\u00e9nt\u201d-eseket.<\/p>\n<p>Sz\u00f3val elment az \u201e\u00f6v\u00e9ihez\u201d.<\/p>\n<p>Azt\u00e1n bejelentkezett (no nem \u201el\u00f3denkab\u00e1tban\u201d): \u201e2 fok, k\u00f6d, h\u00f3nyomok, ez itt Minszk\u201d.<\/p>\n<p>Vigyorogva.<\/p>\n<p>Te fizeted, nem \u0151!<\/p>\n<p>\u00a0<\/p>\n<p>K\u00e9s\u0151bb bejelentkezett \u00fajra.<\/p>\n<p>A \u201eb\u00e9kep\u00e1rti\u201d: \u201ea magyarok b\u00e9k\u00e9t akarnak min\u00e9l hamarabb. Nem \u00e9rt\u00fcnk egyet azokkal, akik szerint a b\u00e9ke felt\u00e9telei \u00e9s k\u00f6r\u00fclm\u00e9nyei id\u0151vel javulni fognak. Minden egyes nappal, am\u00edg tart ez a h\u00e1bor\u00fa, t\u00f6bb ember hal meg \u00e9s t\u00f6bb puszt\u00edt\u00e1sra ker\u00fcl sor.\u201d<\/p>\n<p>A \u201ehogyan\u201d-r\u00f3l soha nem besz\u00e9l.<\/p>\n<p>Most se.<\/p>\n<p>Ez a \u201evir\u00e1g\u201d-nyelve.<\/p>\n<p>Sz\u00f3vir\u00e1g-nyelve.<\/p>\n<p>A semmi \u00e1g\u00e1n \u00fcl.<\/p>\n<p>Locsolni sem kell.<\/p>\n<p>Hacsak nem L\u00f6l\u0151nek adj\u00e1k a V\u00edzm\u0171veket.<\/p>\n<p>Is.<\/p>\n<p>Nem baj: azt is te fizeted.<\/p>\n<p>\u00a0<\/p>\n<p>Sz\u00e1moljunk csak (l\u00e9gvonalban):<\/p>\n<p>Budapest- Minszk 930 KM<\/p>\n<p>Minszk-Tbiliszi 1860 KM<\/p>\n<p>Tbiliszi-Gent 3270 KM<\/p>\n<p>Gent-Budapest 1178 KM<\/p>\n<p>Ez \u2013 csak m\u00e1ra, csak neki \u2013 7238 KM<\/p>\n<p>Ma \u201ecsak\u201d 541 percet, 9 \u00f3r\u00e1t \u00e9s egy percet r\u00f6pk\u00f6d majd.<\/p>\n<p>K\u00f6zben majd meccset is n\u00e9z.<\/p>\n<p>A jegyet is te vetted.<\/p>\n<p>Neki.<\/p>\n<p>Hogy megn\u00e9zze a \u201eNAP MECCS\u00c9T\u201d: a Gent-Fradit.<\/p>\n<p>Az \u201ealig\u201d-kup\u00e1ban.<\/p>\n<p>Vesz\u00e9lyhelyzetben.<\/p>\n<p>Te fizeted, nem \u0151!<\/p>\n<p>\u00a0<\/p>\n<p>M\u00e1r nem is jut az eszembe vicc, csak ez:<\/p>\n<p>Egy s\u00falyos aut\u00f3baleset ut\u00e1n mag\u00e1hoz t\u00e9r\u0151 g\u00e9pkocsivezet\u0151 els\u0151 k\u00e9rd\u00e9se:<\/p>\n<p>&#8211; Hol vagyok?<\/p>\n<p>Az \u00e1pol\u00f3n\u0151 \u00edgy v\u00e1laszol:<\/p>\n<p>&#8211; A tizenhetesben.<\/p>\n<p>&#8211; K\u00f3rh\u00e1zban vagy cell\u00e1ban?<\/p>\n<ol start=\"2023\">\n<li>10. 26. cs\u00fct\u00f6rt\u00f6k<\/li>\n<\/ol>\n","protected":false},"excerpt":{"rendered":"<p>A k\u00f6zp\u00e9nzen r\u00f6pk\u00f6d\u0151 megint rep\u00fcl\u0151re sz\u00e1llt. Oszt elrep\u00fclt. A c\u00e9l: a Nap, a Hold, a Fradi. Nem titkolja. Nem is sz\u00e9gyelli, s\u0151t: b\u00fcszk\u00e9n a pof\u00e1dba v\u00e1gja!!! Hogy \u0151 azt csin\u00e1l, amit csak akar: oda rep\u00fcl, oda xa@ik, ott eszik Hot-Dogot, ahol \u00e9s amikor neki tetszik. Te \u201ecsak\u201d fizesd a cechet. \u00a0 Reggel elmondta: ma megy [&hellip;]<\/p>\n","protected":false},"author":1,"featured_media":8181,"comment_status":"open","ping_status":"open","sticky":false,"template":"","format":"aside","meta":{"footnotes":""},"categories":[2],"tags":[639,741],"class_list":["post-8180","post","type-post","status-publish","format-aside","has-post-thumbnail","hentry","category-bejegyzes","tag-ner","tag-szijjarto","post_format-post-format-aside"],"_links":{"self":[{"href":"https:\/\/gyorgyradnai.eu\/wp-json\/wp\/v2\/posts\/8180","targetHints":{"allow":["GET"]}}],"collection":[{"href":"https:\/\/gyorgyradnai.eu\/wp-json\/wp\/v2\/posts"}],"about":[{"href":"https:\/\/gyorgyradnai.eu\/wp-json\/wp\/v2\/types\/post"}],"author":[{"embeddable":true,"href":"https:\/\/gyorgyradnai.eu\/wp-json\/wp\/v2\/users\/1"}],"replies":[{"embeddable":true,"href":"https:\/\/gyorgyradnai.eu\/wp-json\/wp\/v2\/comments?post=8180"}],"version-history":[{"count":1,"href":"https:\/\/gyorgyradnai.eu\/wp-json\/wp\/v2\/posts\/8180\/revisions"}],"predecessor-version":[{"id":8182,"href":"https:\/\/gyorgyradnai.eu\/wp-json\/wp\/v2\/posts\/8180\/revisions\/8182"}],"wp:featuredmedia":[{"embeddable":true,"href":"https:\/\/gyorgyradnai.eu\/wp-json\/wp\/v2\/media\/8181"}],"wp:attachment":[{"href":"https:\/\/gyorgyradnai.eu\/wp-json\/wp\/v2\/media?parent=8180"}],"wp:term":[{"taxonomy":"category","embeddable":true,"href":"https:\/\/gyorgyradnai.eu\/wp-json\/wp\/v2\/categories?post=8180"},{"taxonomy":"post_tag","embeddable":true,"href":"https:\/\/gyorgyradnai.eu\/wp-json\/wp\/v2\/tags?post=8180"}],"curies":[{"name":"wp","href":"https:\/\/api.w.org\/{rel}","templated":true}]}}