{"id":8190,"date":"2023-10-31T11:45:40","date_gmt":"2023-10-31T10:45:40","guid":{"rendered":"https:\/\/gyorgyradnai.eu\/?p=8190"},"modified":"2023-10-31T11:45:41","modified_gmt":"2023-10-31T10:45:41","slug":"belsar-ijeszto","status":"publish","type":"post","link":"https:\/\/gyorgyradnai.eu\/belsar-ijeszto\/","title":{"rendered":"B\u00c9LS\u00c1R IJESZT\u0150"},"content":{"rendered":"\n<p>(\u201ea 3. mell\u00e9kletben tal\u00e1lhat\u00f3 fejadagok alapj\u00e1n hat\u00e1rozz\u00e1k meg az ig\u00e9nyeket\u201d) \u2026<\/p>\n<p>\u00a0<\/p>\n<p>Csikar.<\/p>\n<p>M\u00e9g tartod magad.<\/p>\n<p>M\u00e9gse rohanhatsz ki a prof el\u0151ad\u00e1s\u00e1r\u00f3l az el\u0151ad\u00f3teremb\u0151l, az izgalmas filmen \u00e9ppen a sex-jelent k\u00f6zben a mozib\u00f3l, a megr\u00e1z\u00f3 monol\u00f3g k\u00f6zben a sz\u00ednh\u00e1zb\u00f3l, a ked\u00e9lyes bar\u00e1ti cseveg\u00e9sr\u0151l.<\/p>\n<p>De egyre jobban \u00e9s jobban.<\/p>\n<p>K\u00e9ts\u00e9gbeesetten szor\u00edtod \u00f6ssze a combjaidat, fogadat is csikorgatod m\u00e1r.<\/p>\n<p>Nem b\u00edrod tov\u00e1bb!<\/p>\n<p>Akkor f\u00f6lpattansz, m\u00e1r rohannod kell.<\/p>\n<p>M\u00e9gsem \u00e9rsz el oda id\u0151ben.<\/p>\n<p>Nem ker\u00fclheted el a v\u00e9gzeted\u2026<\/p>\n<p>\u00a0<\/p>\n<p>Elk\u00e9sz\u00fclt \u201ev\u00e9gre\u201d a \u201e<a href=\"https:\/\/cdn.kormany.hu\/uploads\/document\/e\/e0\/e03\/e03093526e0084d909f722e8a3176db38e5f860d.pdf\">M\u00f3dszertani \u00fatmutat\u00f3 a gazdas\u00e1gmozg\u00f3s\u00edt\u00e1si helyzetre val\u00f3 felk\u00e9sz\u00fcl\u00e9shez<\/a><\/p>\n<p><a href=\"https:\/\/cdn.kormany.hu\/uploads\/document\/e\/e0\/e03\/e03093526e0084d909f722e8a3176db38e5f860d.pdf\">a k\u00f6vetelm\u00e9nyt\u00e1maszt\u00f3 \u00e9s tervez\u0151 szervek r\u00e9sz\u00e9re V\u00c9DELEMGAZDAS\u00c1GI TERVEZ\u00c9S<\/a>\u201d c\u00edm\u0171 anyag a Gazdas\u00e1gfejleszt\u00e9si Miniszt\u00e9rium \u201egondoz\u00e1s\u00e1ban\u201d.<\/p>\n<p>Most ez j\u00f6tt a sorban.<\/p>\n<p>Korm\u00e1ny(unk) m\u00e1r kihirdette \u00e9s folyamatosan hosszabb\u00edtgatta a vesz\u00e9lyhelyzetet; azt\u00e1n a v\u00e9delmi k\u00e9pess\u00e9g(\u00fcnk) fokoz\u00e1sa \u00e9rdek\u00e9ben is int\u00e9zkedett; megv\u00e1ltoztatta az utc\u00e1n viselhet\u0151 egyenruha-szab\u00e1lyokat is: most m\u00e1r \u201ev\u00e9gre\u201d a fejadagunkr\u00f3l is d\u00f6nt\u00f6tt.<\/p>\n<p>Nem is kell sok szappan.<\/p>\n<p>H\u00e1romhavonta egy fogkefe<\/p>\n<p>30 dkg keny\u00e9rrel naponta kib\u00edrod majd.<\/p>\n<p>Persze lehet, ha a f\u00f6lm\u00e9r\u00e9s eredm\u00e9nyei indokolj\u00e1k, akkor 35 dkg lesz.<\/p>\n<p>H\u00fas, toj\u00e1s is \u201elesz\u201d az \u00e9tlapon.<\/p>\n<p>Hogy mindenkin\u00e9l lesz-e, azt nem m\u00e9rik f\u00f6l\u2026<\/p>\n<p>\u00a0<\/p>\n<p>Persze: h\u00e1bor\u00fak vannak a vil\u00e1gban, v\u00e9res-kegyetlen h\u00e1bor\u00fak.<\/p>\n<p>Korm\u00e1ny(unk) a hely\u00e9n van: van, amikor a b\u00e9k\u00e9\u00e9rt ki\u00e1lt; van, amikor meg se mer \u201esz\u00f3lalni\u201d-an h\u00e1bor\u00fap\u00e1rti.<\/p>\n<p>Mikor mit gondol-d\u00f6nt.<\/p>\n<p>Nem mondja: mi\u00e9rt \u00edgy vagy mi\u00e9rt \u00fagy.<\/p>\n<p>Mi k\u00f6z\u00f6d hozz\u00e1?!<\/p>\n<p>Ijesztgetni lehet \u2013 ijesztgetni kell!<\/p>\n<p>Akkor j\u00f6het \u0151, a megment\u0151, aki f\u00f6nntartja a rendet, aki tudja a megold\u00e1st a probl\u00e9m\u00e1ra.<\/p>\n<p>A nem is l\u00e9tez\u0151 probl\u00e9m\u00e1ra.<\/p>\n<p>\u00a0<\/p>\n<p>Ki akar vel\u00fcnk h\u00e1bor\u00fazni?<\/p>\n<p>Ki akar megt\u00e1madni?<\/p>\n<p>\u00dagy rohannak \u00e1t rajtunk a menek\u00fcl\u0151k, hogy \u00e9szre sem vessz\u00fck \u0151ket.<\/p>\n<p>M\u00e1r a szlov\u00e1kok a magyar hat\u00e1rt v\u00e9dik.<\/p>\n<p>M\u00e1r v\u00edz\u00e1gy\u00fat is telep\u00edtettek oda.<\/p>\n<p>K\u00f6zben a korm\u00e1ny tov\u00e1bb trianonozik, az eln\u00f6k asszony a \u201ep\u00e1puaiakkal\u201d t\u00e1rgyalgat, a minisztereln\u00f6k meg dikt\u00e1torokkal \u2013 \u00e9s er\u0151s hadsereget \u00e9p\u00edt\u00fcnk.<\/p>\n<p>\u00a0<\/p>\n<p>Ijesztgetnek!<\/p>\n<p>Most ezzel a m\u00f3dszertani \u00fatmutat\u00f3val.<\/p>\n<p>Meghat\u00e1rozott mennyis\u00e9g\u0171 toalett (WC) pap\u00edrral.<\/p>\n<p>Mert Br\u00fcsszel, mert Soros, mert Gyurcs\u00e1ny.<\/p>\n<p>Meg megint \u201emegk\u00e9rdezz\u00fck na minisztert\u201d, akarom mondani \u201eNemzeti Konzult\u00e1ci\u00f3\u201d-inzult\u00e1ci\u00f3 indul.<\/p>\n<p>Ami Lengyelorsz\u00e1gban cs\u00fafos kudarcot vallott.<\/p>\n<p>Magyarorsz\u00e1gon \u201esiker\u201d lesz, akkor is, ha kudarc.<\/p>\n<p>Mert \u201eMagyarorsz\u00e1g el\u0151re, \u00e9ljen R\u00e1kosi!\u201d<\/p>\n<p>\u00a0<\/p>\n<p>Ijesztgetnek.<\/p>\n<p>Ennyi.<\/p>\n<p>Ne rohanj (m\u00e9g) a boltba pap\u00edr\u00e9rt, toalett (WC) pap\u00edr\u00e9rt.<\/p>\n<p>Persze amikor csikar\u2026<\/p>\n<p>(K\u00e9p: telex)<\/p>\n<ol start=\"2023\">\n<li>10. 31. kedd<\/li>\n<\/ol>\n","protected":false},"excerpt":{"rendered":"<p>(\u201ea 3. mell\u00e9kletben tal\u00e1lhat\u00f3 fejadagok alapj\u00e1n hat\u00e1rozz\u00e1k meg az ig\u00e9nyeket\u201d) \u2026 \u00a0 Csikar. M\u00e9g tartod magad. M\u00e9gse rohanhatsz ki a prof el\u0151ad\u00e1s\u00e1r\u00f3l az el\u0151ad\u00f3teremb\u0151l, az izgalmas filmen \u00e9ppen a sex-jelent k\u00f6zben a mozib\u00f3l, a megr\u00e1z\u00f3 monol\u00f3g k\u00f6zben a sz\u00ednh\u00e1zb\u00f3l, a ked\u00e9lyes bar\u00e1ti cseveg\u00e9sr\u0151l. De egyre jobban \u00e9s jobban. K\u00e9ts\u00e9gbeesetten szor\u00edtod \u00f6ssze a combjaidat, fogadat is [&hellip;]<\/p>\n","protected":false},"author":1,"featured_media":8191,"comment_status":"open","ping_status":"open","sticky":false,"template":"","format":"aside","meta":{"footnotes":""},"categories":[2],"tags":[639],"class_list":["post-8190","post","type-post","status-publish","format-aside","has-post-thumbnail","hentry","category-bejegyzes","tag-ner","post_format-post-format-aside"],"_links":{"self":[{"href":"https:\/\/gyorgyradnai.eu\/wp-json\/wp\/v2\/posts\/8190","targetHints":{"allow":["GET"]}}],"collection":[{"href":"https:\/\/gyorgyradnai.eu\/wp-json\/wp\/v2\/posts"}],"about":[{"href":"https:\/\/gyorgyradnai.eu\/wp-json\/wp\/v2\/types\/post"}],"author":[{"embeddable":true,"href":"https:\/\/gyorgyradnai.eu\/wp-json\/wp\/v2\/users\/1"}],"replies":[{"embeddable":true,"href":"https:\/\/gyorgyradnai.eu\/wp-json\/wp\/v2\/comments?post=8190"}],"version-history":[{"count":1,"href":"https:\/\/gyorgyradnai.eu\/wp-json\/wp\/v2\/posts\/8190\/revisions"}],"predecessor-version":[{"id":8192,"href":"https:\/\/gyorgyradnai.eu\/wp-json\/wp\/v2\/posts\/8190\/revisions\/8192"}],"wp:featuredmedia":[{"embeddable":true,"href":"https:\/\/gyorgyradnai.eu\/wp-json\/wp\/v2\/media\/8191"}],"wp:attachment":[{"href":"https:\/\/gyorgyradnai.eu\/wp-json\/wp\/v2\/media?parent=8190"}],"wp:term":[{"taxonomy":"category","embeddable":true,"href":"https:\/\/gyorgyradnai.eu\/wp-json\/wp\/v2\/categories?post=8190"},{"taxonomy":"post_tag","embeddable":true,"href":"https:\/\/gyorgyradnai.eu\/wp-json\/wp\/v2\/tags?post=8190"}],"curies":[{"name":"wp","href":"https:\/\/api.w.org\/{rel}","templated":true}]}}