{"id":8317,"date":"2024-01-03T12:41:54","date_gmt":"2024-01-03T11:41:54","guid":{"rendered":"https:\/\/gyorgyradnai.eu\/?p=8317"},"modified":"2024-01-03T12:43:58","modified_gmt":"2024-01-03T11:43:58","slug":"parbeszedek","status":"publish","type":"post","link":"https:\/\/gyorgyradnai.eu\/parbeszedek\/","title":{"rendered":"P\u00c1RBESZ\u00c9D(EK)"},"content":{"rendered":"\n<p><em>\u201e\u2013 Ma?\u2026<\/em><\/p>\n<p><em>\u2013 Meg.<\/em><\/p>\n<p><em>\u2013 Kard?\u2026<\/em><\/p>\n<p><em>\u2013 Eh!<\/em><\/p>\n<p><em>\u2013 H\u00e1rom?<\/em><\/p>\n<p><em>\u2013 Kett\u0151, 20 l\u00e9p\u00e9s.<\/em><\/p>\n<p><em>\u2013 \u00c9s volt?\u2026<\/em><\/p>\n<p><em>\u2013 Volt!<\/em><\/p>\n<p><em>\u2013 Az Isten\u00e9rt! Melyik?!\u2026<\/em><\/p>\n<p><em>\u2013 A rudas.<\/em><\/p>\n<p><em>\u2013 ???<\/em><\/p>\n<p><em>\u2013 \u00d6tven peng\u0151t kellett fizetni a fiakkeresnek.\u201d<\/em><\/p>\n<p>\u00a0<\/p>\n<ol start=\"1899\">\n<li>m\u00e1rcius 2-\u00e1n Ady Endre \u00edrta \u2013 nem minden ir\u00f3nia n\u00e9lk\u00fcl \u2013 ezt a p\u00e1rbesz\u00e9det a Debreczeni H\u00edrlapba. Az \u201eakkori\u201d uralkod\u00f3k, az \u201eakkori\u201d dzsentrik, az \u201eakkori\u201d felkapaszkod\u00f3 \u201efelcs\u00fati-csornai-p\u00e1pai-soproni-debrec(z)eni\u2026 fideszesek\u201d em\u00edgyen m\u00falatt\u00e1k az id\u0151t.<\/li>\n<\/ol>\n<p>\u00a0<\/p>\n<p>\u00c9s a maiak?<\/p>\n<p>Amikor besz\u00e9lgetnek, mir\u0151l csever\u00e9sznek: a leend\u0151 p\u00e1rbajukr\u00f3l?<\/p>\n<p>P\u00e1rbajoznak egy\u00e1ltal\u00e1n?<\/p>\n<p>\u00a0<\/p>\n<p>(1.)<\/p>\n<ul>\n<li>Megh\u00edvtak, elment\u00e9l, ott volt\u00e1l?<\/li>\n<li>Hol, mikor?<\/li>\n<li>Szilveszterkor az Oper\u00e1ban a Denev\u00e9ren.<\/li>\n<li>Az \u00e1ri\u00e1t meghallgatni?<\/li>\n<li>Len\u00e9zni a v\u00e1rosra, meginni a pezsg\u0151t, megn\u00e9zni a t\u0171zij\u00e1t\u00e9kot!<\/li>\n<li>A kert\u00fcnkben rendeztem t\u0171zij\u00e1t\u00e9kot, B\u00e9csb\u0151l hozt\u00e1k a hozz\u00e1val\u00f3t\u2026<\/li>\n<\/ul>\n<p>\u00a0<\/p>\n<p>(2.)<\/p>\n<p>\u00a0<\/p>\n<ul>\n<li>Hallottad, megj\u00f6ttek a p\u00e9nzek az Uni\u00f3b\u00f3l!<\/li>\n<li>H\u00edvtad m\u00e1r a\u2026?<\/li>\n<li>\u0150 h\u00edvott.<\/li>\n<li>\u00c9s?<\/li>\n<li>Minden a szok\u00e1sos m\u00f3don!<\/li>\n<li>Tarifa?<\/li>\n<li>Nem v\u00e9szes, egy kicsit emelkedett, de majd m\u00e1shol behozzuk.<\/li>\n<li>Ok, ez az \u00e9v is j\u00f3l indul\u2026<\/li>\n<\/ul>\n<p>\u00a0<\/p>\n<p>(3.)<\/p>\n<ul>\n<li>M\u00e9sz?<\/li>\n<li>Hova?<\/li>\n<li>Az EB-re!<\/li>\n<li>Persze!<\/li>\n<li>A k\u00fcl\u00f6n-g\u00e9ppel?<\/li>\n<li>Most nem, b\u00e9rlek egyet!<\/li>\n<\/ul>\n<p>(4.)<\/p>\n<ul>\n<li>Lemosattad m\u00e1r a kocsit?<\/li>\n<li>\u00dajat vettem\u2026<\/li>\n<\/ul>\n<p>\u00a0<\/p>\n<p>(5.)<\/p>\n<ul>\n<li>Id\u00e9n?<\/li>\n<li>A Kan\u00e1rin.<\/li>\n<li>Snassz&#8230;<\/li>\n<\/ul>\n<p>\u00a0<\/p>\n<p>(6.)<\/p>\n<ul>\n<li>Kerek sz\u00fclinapod lesz id\u00e9n!<\/li>\n<li>Ja.<\/li>\n<li>Nagy buli lesz?!<\/li>\n<li>Semmi extra, csak a Pault h\u00edvom\u2026<\/li>\n<\/ul>\n<p>\u00a0<\/p>\n<p>De Ady m\u00e1r nem \u00e9l:<\/p>\n<p>SZEG\u00c9NY, J\u00d3 FIAIM<\/p>\n<p>\u00a0\u00a0\u00a0\u00a0\u00a0\u00a0\u00a0\u00a0\u00a0\u00a0\u00a0\u00a0\u00a0 \u00a0\u00a0\u00a0\u00a0\u00a0\u00a0\u00a0\u00a0\u00a0\u00a0\u00a0\u00a0\u00a0<\/p>\n<p>H\u00e1ny tavaszon k\u00fcldtem b\u00e1rhonnan<\/p>\n<p>Nektek a sok hitet\u0151 verset,<\/p>\n<p>A J\u00f6v\u0151t pr\u00e9dik\u00e1ltam nektek<\/p>\n<p>S most a jelen be m\u00e1sk\u00e9nt lobban,<\/p>\n<p>M\u00e1sk\u00e9nt gondoltam, szebben, jobban.<\/p>\n<p>Jaj, goly\u00f3z\u00e1porba \u00e1ztatt\u00e1tok<\/p>\n<p>\u00dcst\u00f6k\u00f6t\u00f6ket \u00e9s fejemet.<\/p>\n<p>Fejem, fejem, b\u00fas felel\u0151s, te,<\/p>\n<p>Mi\u00e9rt adt\u00e1l ifjaknak hiteket,<\/p>\n<p>Mikor a vil\u00e1g csak hiteget<\/p>\n<p>S \u00e9n nem l\u00e1ttam, hogy a F\u00f6ld por \u00e9s rongy.<\/p>\n<p>Dr\u00e1g\u00e1im, \u00e1rv\u00e1im, fiaim, Tik,<\/p>\n<p>Kikkel, jaj, hogy most sem lehetek,<\/p>\n<p>Hol j\u00e1rtok v\u00e9n bolond fejemmel<\/p>\n<p>S ama nagyszer\u0171 kegyelemmel,<\/p>\n<p>Hogy a Hal\u00e1lt ifjan \u00e9ritek.<\/p>\n<p>Dr\u00e1g\u00e1im, \u00e1rv\u00e1im, fiaim, Tik,<\/p>\n<p>Az \u00c9let csakugyan menek\u00fcl?<\/p>\n<p>Hol j\u00e1rtok, vagytok s kik &#8211; \u00e9ltek &#8211; m\u00e9g?<\/p>\n<p>\u00a0<\/p>\n<p>Pesti Napl\u00f3, 1917. augusztus 12.<\/p>\n<ol start=\"2024\">\n<li>01. 03. szerda<\/li>\n<\/ol>\n","protected":false},"excerpt":{"rendered":"<p>\u201e\u2013 Ma?\u2026 \u2013 Meg. \u2013 Kard?\u2026 \u2013 Eh! \u2013 H\u00e1rom? \u2013 Kett\u0151, 20 l\u00e9p\u00e9s. \u2013 \u00c9s volt?\u2026 \u2013 Volt! \u2013 Az Isten\u00e9rt! Melyik?!\u2026 \u2013 A rudas. \u2013 ??? \u2013 \u00d6tven peng\u0151t kellett fizetni a fiakkeresnek.\u201d \u00a0 m\u00e1rcius 2-\u00e1n Ady Endre \u00edrta \u2013 nem minden ir\u00f3nia n\u00e9lk\u00fcl \u2013 ezt a p\u00e1rbesz\u00e9det a Debreczeni H\u00edrlapba. Az \u201eakkori\u201d [&hellip;]<\/p>\n","protected":false},"author":1,"featured_media":8318,"comment_status":"open","ping_status":"open","sticky":false,"template":"","format":"aside","meta":{"footnotes":""},"categories":[2],"tags":[639],"class_list":["post-8317","post","type-post","status-publish","format-aside","has-post-thumbnail","hentry","category-bejegyzes","tag-ner","post_format-post-format-aside"],"_links":{"self":[{"href":"https:\/\/gyorgyradnai.eu\/wp-json\/wp\/v2\/posts\/8317","targetHints":{"allow":["GET"]}}],"collection":[{"href":"https:\/\/gyorgyradnai.eu\/wp-json\/wp\/v2\/posts"}],"about":[{"href":"https:\/\/gyorgyradnai.eu\/wp-json\/wp\/v2\/types\/post"}],"author":[{"embeddable":true,"href":"https:\/\/gyorgyradnai.eu\/wp-json\/wp\/v2\/users\/1"}],"replies":[{"embeddable":true,"href":"https:\/\/gyorgyradnai.eu\/wp-json\/wp\/v2\/comments?post=8317"}],"version-history":[{"count":2,"href":"https:\/\/gyorgyradnai.eu\/wp-json\/wp\/v2\/posts\/8317\/revisions"}],"predecessor-version":[{"id":8320,"href":"https:\/\/gyorgyradnai.eu\/wp-json\/wp\/v2\/posts\/8317\/revisions\/8320"}],"wp:featuredmedia":[{"embeddable":true,"href":"https:\/\/gyorgyradnai.eu\/wp-json\/wp\/v2\/media\/8318"}],"wp:attachment":[{"href":"https:\/\/gyorgyradnai.eu\/wp-json\/wp\/v2\/media?parent=8317"}],"wp:term":[{"taxonomy":"category","embeddable":true,"href":"https:\/\/gyorgyradnai.eu\/wp-json\/wp\/v2\/categories?post=8317"},{"taxonomy":"post_tag","embeddable":true,"href":"https:\/\/gyorgyradnai.eu\/wp-json\/wp\/v2\/tags?post=8317"}],"curies":[{"name":"wp","href":"https:\/\/api.w.org\/{rel}","templated":true}]}}