{"id":8343,"date":"2024-01-14T11:08:26","date_gmt":"2024-01-14T10:08:26","guid":{"rendered":"https:\/\/gyorgyradnai.eu\/?p=8343"},"modified":"2024-01-14T11:08:27","modified_gmt":"2024-01-14T10:08:27","slug":"politikus-hisz-olyan-mint-en","status":"publish","type":"post","link":"https:\/\/gyorgyradnai.eu\/politikus-hisz-olyan-mint-en\/","title":{"rendered":"POLITIKUS \u2013 \u201eHISZ\u2019 OLYAN, MINT \u00c9N\u2026\u201d"},"content":{"rendered":"\n<p>(2.)<\/p>\n<p>\u00a0<\/p>\n<p>K\u00e1v\u00e9zik.<\/p>\n<p>Mert k\u00e1v\u00e9zni j\u00f3.<\/p>\n<p>Te is szeretsz, ugye?<\/p>\n<p>Hol szokt\u00e1l?<\/p>\n<p>\u00c9s mikor?<\/p>\n<p>Reggeli el\u0151tt, ut\u00e1na?<\/p>\n<p>Net\u00e1n takar\u00edt\u00e1skor?<\/p>\n<p>Vagy \u201esz\u00far\u00e1s\u201d ut\u00e1n?<\/p>\n<p>Nyers h\u00fasok, csontok, b\u0151r\u00f6k el\u0151tt?<\/p>\n<p>Mert im\u00e1dod az illat\u00e1t?<\/p>\n<p>\u00a0<\/p>\n<p>H\u00e1t \u201esz\u00farni\u201d szokt\u00e1l-e?<\/p>\n<p>Vagy te is olyan \u201ek\u00edgy\u00f3v\u00e1ll\u00fa belpesti lippsi\u201d vagy, aki ezt \u201e\u00fagysem \u00e9rtheti meg\u201d?<\/p>\n<p>Szerencs\u00e9re Gy\u0151zike \u00e9rti!<\/p>\n<p>Hogy mostan\u00e1ban m\u00e1r kevesebbet \u201esz\u00farsz\u201d, m\u00e1r padl\u00e1sod sincs, amit kis\u00f6p\u00f6rhetsz?<\/p>\n<p>Be\u00e9red a SPAR-ban vett farh\u00e1ttal is?<\/p>\n<p>Vagy \u00e9ppen a gyereket v\u00e1rod haza, a \u201eharmadik \u00f3ra ut\u00e1n\u201d mindig hazak\u00fcldik, mert nincs f\u0171t\u00e9s az iskol\u00e1jukban?!<\/p>\n<p>Egy\u00e1ltal\u00e1n: h\u00e1ny diszn\u00f3d van az \u00f3lban?<\/p>\n<p>M\u00e1r az \u00f3l sincs meg?<\/p>\n<p>M\u00e9gis r\u00e1ismersz arra az emberre: a szagra, az izgalomra, a hajnali kel\u00e9sre, az els\u0151 p\u00e1link\u00e1ra, a siv\u00edt\u00e1sra (csak a szomsz\u00e9d meg ne hallja), a v\u00e9r bugyog\u00e1s\u00e1ra, az utols\u00f3 r\u00fag\u00e1sra, f\u00fcst\u00f6l\u0151-p\u00f6rk\u00f6l\u0151 b\u00fcd\u00f6ss\u00e9g\u00e9re, a zs\u00edr fortyog\u00e1s\u00e1ra?!<\/p>\n<p>\u201eHisz\u2019 ez olyan, mint \u00e9n\u201d?!<\/p>\n<p>\u00a0<\/p>\n<p>H\u00e1t az \u201e\u00f6lt\u00f6ny\u00f6s\u201d?<\/p>\n<p>A \u201ekoszt\u00fcm\u00f6s-f\u00fclbeval\u00f3s\u201d?!<\/p>\n<p>Szerepek csak, bar\u00e1tom, j\u00f3l kifund\u00e1lt szerepek.<\/p>\n<p>\u00c9s \u0151k \u201ecsak\u201d statiszt\u00e1k, se@@nyal\u00f3 statiszt\u00e1k, a \u201eGAZDA\u201d felkentjei.<\/p>\n<p>\u00c9s te m\u00e9gis bed\u0151lsz nekik!<\/p>\n<p>A \u201ez\u00f6ld\u201d m\u0171anyag-t\u00e1lk\u00e1knak.<\/p>\n<p>T\u00e9nyleg ilyen vagy?<\/p>\n<p>\u00a0<\/p>\n<p>Mindegy: r\u00e1d ismernek, ilyennek ismernek \u2013 benned magukra majd!<\/p>\n<ol start=\"2024\">\n<li>01. 14. vas\u00e1rnap<\/li>\n<\/ol>\n<p>(Ui: \u00e1ltal\u00e1ban a k\u00e9pet szerkesztem, torz\u00edtom, de most nem tettem\u2026)<\/p>\n","protected":false},"excerpt":{"rendered":"<p>(2.) \u00a0 K\u00e1v\u00e9zik. Mert k\u00e1v\u00e9zni j\u00f3. Te is szeretsz, ugye? Hol szokt\u00e1l? \u00c9s mikor? Reggeli el\u0151tt, ut\u00e1na? Net\u00e1n takar\u00edt\u00e1skor? Vagy \u201esz\u00far\u00e1s\u201d ut\u00e1n? Nyers h\u00fasok, csontok, b\u0151r\u00f6k el\u0151tt? Mert im\u00e1dod az illat\u00e1t? \u00a0 H\u00e1t \u201esz\u00farni\u201d szokt\u00e1l-e? Vagy te is olyan \u201ek\u00edgy\u00f3v\u00e1ll\u00fa belpesti lippsi\u201d vagy, aki ezt \u201e\u00fagysem \u00e9rtheti meg\u201d? Szerencs\u00e9re Gy\u0151zike \u00e9rti! Hogy mostan\u00e1ban m\u00e1r kevesebbet [&hellip;]<\/p>\n","protected":false},"author":1,"featured_media":8344,"comment_status":"open","ping_status":"open","sticky":false,"template":"","format":"aside","meta":{"footnotes":""},"categories":[2],"tags":[851,639],"class_list":["post-8343","post","type-post","status-publish","format-aside","has-post-thumbnail","hentry","category-bejegyzes","tag-nemeth-szilard","tag-ner","post_format-post-format-aside"],"_links":{"self":[{"href":"https:\/\/gyorgyradnai.eu\/wp-json\/wp\/v2\/posts\/8343","targetHints":{"allow":["GET"]}}],"collection":[{"href":"https:\/\/gyorgyradnai.eu\/wp-json\/wp\/v2\/posts"}],"about":[{"href":"https:\/\/gyorgyradnai.eu\/wp-json\/wp\/v2\/types\/post"}],"author":[{"embeddable":true,"href":"https:\/\/gyorgyradnai.eu\/wp-json\/wp\/v2\/users\/1"}],"replies":[{"embeddable":true,"href":"https:\/\/gyorgyradnai.eu\/wp-json\/wp\/v2\/comments?post=8343"}],"version-history":[{"count":1,"href":"https:\/\/gyorgyradnai.eu\/wp-json\/wp\/v2\/posts\/8343\/revisions"}],"predecessor-version":[{"id":8345,"href":"https:\/\/gyorgyradnai.eu\/wp-json\/wp\/v2\/posts\/8343\/revisions\/8345"}],"wp:featuredmedia":[{"embeddable":true,"href":"https:\/\/gyorgyradnai.eu\/wp-json\/wp\/v2\/media\/8344"}],"wp:attachment":[{"href":"https:\/\/gyorgyradnai.eu\/wp-json\/wp\/v2\/media?parent=8343"}],"wp:term":[{"taxonomy":"category","embeddable":true,"href":"https:\/\/gyorgyradnai.eu\/wp-json\/wp\/v2\/categories?post=8343"},{"taxonomy":"post_tag","embeddable":true,"href":"https:\/\/gyorgyradnai.eu\/wp-json\/wp\/v2\/tags?post=8343"}],"curies":[{"name":"wp","href":"https:\/\/api.w.org\/{rel}","templated":true}]}}