{"id":8362,"date":"2024-01-27T12:48:25","date_gmt":"2024-01-27T11:48:25","guid":{"rendered":"https:\/\/gyorgyradnai.eu\/?p=8362"},"modified":"2024-01-27T12:48:26","modified_gmt":"2024-01-27T11:48:26","slug":"szemlelet-2","status":"publish","type":"post","link":"https:\/\/gyorgyradnai.eu\/szemlelet-2\/","title":{"rendered":"SZEML\u00c9LET"},"content":{"rendered":"\n<p><em>\u201eSajnos tudom\u00e1sul kell venn\u00fcnk&#8230;\u201d<\/em><\/p>\n<p>\u00a0<\/p>\n<p>Most a k\u00f3rh\u00e1zakban. Hogy a \u201eszolg\u00e1ltat\u00e1sok hozz\u00e1f\u00e9rhet\u0151s\u00e9ge <strong><em>VALAMELYEST<\/em><\/strong> (kiemel\u00e9s t\u0151lem) romlik\u201d \u2013 nyilatkozta a K\u00f3rh\u00e1zsz\u00f6vets\u00e9g \u00faja eln\u00f6ke.<\/p>\n<p>\u201eNaponta 7 kilom\u00e9tert gyalogolnak a gyerekek iskol\u00e1ba, iskolabusz\u00e9rt t\u00fcntettek a sz\u00fcl\u0151k Tiszavasv\u00e1riban\u201d \u2013 j\u00f3l van az \u00fagy, se az \u00f6nkorm\u00e1nyzat, se az \u00e1llam, csak az egym\u00e1sra-mutogat\u00e1s, a gyerekek meg gyalogoljanak, \u201elegal\u00e1bb sportolnak egy kicsit\u201d.<\/p>\n<p>\u201eA sv\u00e9d minisztereln\u00f6k elfogadta Orb\u00e1n megh\u00edv\u00e1s\u00e1t\u201d, aki a magyar korm\u00e1nym\u00e9dia szerint az\u00e9rt nem akar Budapestre j\u00f6nni, mert az ad\u00f3fizet\u0151k p\u00e9nz\u00e9n bulizik. Azt\u00e1n kider\u00fcl: a sv\u00e9d NATO-csatlakoz\u00e1sr\u00f3l nem akar besz\u00e9lgetni.<\/p>\n<p>\u201eA Telexet \u00e9s a 444-et is t\u00e1mogatja az amerikai nagyk\u00f6vets\u00e9g\u201d harsogja az index-nev\u0171, m\u00e1ra m\u00e1r szennyport\u00e1ll\u00e1 s\u00fcllyedt lak\u00e1joldal: \u00e9rtse mindenki, ahogy \u201e\u00e9rteni kell\u201d, kell m\u00e9gis ide a L\u00e1nczi Tomika.<\/p>\n<p>\u201eOrb\u00e1n G\u00e1sp\u00e1r megb\u00fajt egy oszlop m\u00f6g\u00f6tt Cs\u00e1dban\u201d olvasom a m\u00e1sik h\u00edrt, de legal\u00e1bb nem vad\u00e1szik h\u00e1zi\u00e1llatokra.<\/p>\n<p>\u201eHal\u00e1los fenyeget\u00e9st kapott az Ukrajn\u00e1ba k\u00e9sz\u00fcl\u0151 Szijj\u00e1rt\u00f3 P\u00e9ter\u201d harsogj\u00e1k a magyar h\u00edrterjeszt\u0151k, persze forr\u00e1s sehol, Bayer Zs. a k\u00fcrtj\u00e9be f\u00fa\u2019, de a \u201emagyar k\u00fcl\u00fcgy\u201d kitart, a magyar parlament \u201ej\u00f3lmegszolg\u00e1ltmeg\u00e9rdemelt\u201d pihen\u0151j\u00e9t tartja, mik\u00f6zben Erdogan m\u00e1r al\u00e1\u00edr\u00e1sra k\u00e9sz\u00fcl\u0151dik.<\/p>\n<p>Ki legyen Budapesten a f\u0151polg\u00e1rmester-jel\u00f6lt \u2013 folyik a vita itt is, ott is, mintha nem lenne egy\u00e9rtelm\u0171 a v\u00e1lasz a mi oldalunkon\u2026<\/p>\n<p>\u00a0<\/p>\n<p>Tudom\u00e1sul kell venn\u00fcnk?!<\/p>\n<p>Nem hiszem, nem akarom hinni<\/p>\n<p>@ar ez \u00edgy.<\/p>\n<p>\u00a0<\/p>\n<p>Mindegy, leveszem a polcomr\u00f3l a 2006-ban kiadott k\u00f6nyvet, \u201eLatinovits verset mond CD-mell\u00e9klettel\u201d \u00e9s elkezdem olvasgatni a verseket, hallgatni Latinovitsot\u2026<\/p>\n<ol start=\"2024\">\n<li>01. 27. vas\u00e1rnap<\/li>\n<\/ol>\n","protected":false},"excerpt":{"rendered":"<p>\u201eSajnos tudom\u00e1sul kell venn\u00fcnk&#8230;\u201d \u00a0 Most a k\u00f3rh\u00e1zakban. Hogy a \u201eszolg\u00e1ltat\u00e1sok hozz\u00e1f\u00e9rhet\u0151s\u00e9ge VALAMELYEST (kiemel\u00e9s t\u0151lem) romlik\u201d \u2013 nyilatkozta a K\u00f3rh\u00e1zsz\u00f6vets\u00e9g \u00faja eln\u00f6ke. \u201eNaponta 7 kilom\u00e9tert gyalogolnak a gyerekek iskol\u00e1ba, iskolabusz\u00e9rt t\u00fcntettek a sz\u00fcl\u0151k Tiszavasv\u00e1riban\u201d \u2013 j\u00f3l van az \u00fagy, se az \u00f6nkorm\u00e1nyzat, se az \u00e1llam, csak az egym\u00e1sra-mutogat\u00e1s, a gyerekek meg gyalogoljanak, \u201elegal\u00e1bb sportolnak egy [&hellip;]<\/p>\n","protected":false},"author":1,"featured_media":8363,"comment_status":"open","ping_status":"open","sticky":false,"template":"","format":"aside","meta":{"footnotes":""},"categories":[2],"tags":[639],"class_list":["post-8362","post","type-post","status-publish","format-aside","has-post-thumbnail","hentry","category-bejegyzes","tag-ner","post_format-post-format-aside"],"_links":{"self":[{"href":"https:\/\/gyorgyradnai.eu\/wp-json\/wp\/v2\/posts\/8362","targetHints":{"allow":["GET"]}}],"collection":[{"href":"https:\/\/gyorgyradnai.eu\/wp-json\/wp\/v2\/posts"}],"about":[{"href":"https:\/\/gyorgyradnai.eu\/wp-json\/wp\/v2\/types\/post"}],"author":[{"embeddable":true,"href":"https:\/\/gyorgyradnai.eu\/wp-json\/wp\/v2\/users\/1"}],"replies":[{"embeddable":true,"href":"https:\/\/gyorgyradnai.eu\/wp-json\/wp\/v2\/comments?post=8362"}],"version-history":[{"count":1,"href":"https:\/\/gyorgyradnai.eu\/wp-json\/wp\/v2\/posts\/8362\/revisions"}],"predecessor-version":[{"id":8364,"href":"https:\/\/gyorgyradnai.eu\/wp-json\/wp\/v2\/posts\/8362\/revisions\/8364"}],"wp:featuredmedia":[{"embeddable":true,"href":"https:\/\/gyorgyradnai.eu\/wp-json\/wp\/v2\/media\/8363"}],"wp:attachment":[{"href":"https:\/\/gyorgyradnai.eu\/wp-json\/wp\/v2\/media?parent=8362"}],"wp:term":[{"taxonomy":"category","embeddable":true,"href":"https:\/\/gyorgyradnai.eu\/wp-json\/wp\/v2\/categories?post=8362"},{"taxonomy":"post_tag","embeddable":true,"href":"https:\/\/gyorgyradnai.eu\/wp-json\/wp\/v2\/tags?post=8362"}],"curies":[{"name":"wp","href":"https:\/\/api.w.org\/{rel}","templated":true}]}}