{"id":8418,"date":"2024-02-21T09:27:49","date_gmt":"2024-02-21T08:27:49","guid":{"rendered":"https:\/\/gyorgyradnai.eu\/?p=8418"},"modified":"2024-02-21T09:27:50","modified_gmt":"2024-02-21T08:27:50","slug":"mar-tudja","status":"publish","type":"post","link":"https:\/\/gyorgyradnai.eu\/mar-tudja\/","title":{"rendered":"M\u00c1R TUDJA!"},"content":{"rendered":"\n<p>\u201eOrb\u00e1n Viktor m\u00e1r tudja, kit szeretne k\u00f6zt\u00e1rsas\u00e1gi eln\u00f6knek\u201d \u2013 \u00edrja az index.<\/p>\n<p>A kor\u00e1bban megbukottakr\u00f3l is tudta, m\u00e9gis akarta azokat a b\u00e1bukat.<\/p>\n<p>\u00a0<\/p>\n<p>A vicc ugrik be:<\/p>\n<p>H\u00e1rom \u00f6r\u00f6ml\u00e1ny \u00fcl egy k\u00e1v\u00e9z\u00f3 terasz\u00e1n, amikor odal\u00e9p egy rend\u0151r \u00e9s megsz\u00f3l\u00edtja az els\u0151t:<\/p>\n<ul>\n<li>Mag\u00e1nak mi a foglalkoz\u00e1sa?<\/li>\n<li>\u00c9n k\u00e9rem matematikus vagyok, n\u00e9gyzetre emelem a szokny\u00e1mat, \u00f6sszeadom magam az igazgat\u00f3val \u00e9s kivonom magam a termel\u00e9sb\u0151l.<\/li>\n<li>\u00c9s maga? \u2013 fordul a m\u00e1sodikhoz.<\/li>\n<li>\u00c9n agron\u00f3mus vagyok, v\u00e1ndorlok meleg\u00e1gyb\u00f3l meleg\u00e1gyba.<\/li>\n<li>H\u00e1t maga? \u2013 k\u00e9rdi a harmadikt\u00f3l.<\/li>\n<li>Jelentem biztos \u00far, \u00e9n is kurva vagyok, csak nem tudom ilyen sz\u00e9pen kifejezni magamat.<\/li>\n<\/ul>\n<ol start=\"2024\">\n<li>02. 21. szerda<\/li>\n<\/ol>\n<p>(K\u00e9p: index alapj\u00e1n)<\/p>\n","protected":false},"excerpt":{"rendered":"<p>\u201eOrb\u00e1n Viktor m\u00e1r tudja, kit szeretne k\u00f6zt\u00e1rsas\u00e1gi eln\u00f6knek\u201d \u2013 \u00edrja az index. A kor\u00e1bban megbukottakr\u00f3l is tudta, m\u00e9gis akarta azokat a b\u00e1bukat. \u00a0 A vicc ugrik be: H\u00e1rom \u00f6r\u00f6ml\u00e1ny \u00fcl egy k\u00e1v\u00e9z\u00f3 terasz\u00e1n, amikor odal\u00e9p egy rend\u0151r \u00e9s megsz\u00f3l\u00edtja az els\u0151t: Mag\u00e1nak mi a foglalkoz\u00e1sa? \u00c9n k\u00e9rem matematikus vagyok, n\u00e9gyzetre emelem a szokny\u00e1mat, \u00f6sszeadom magam [&hellip;]<\/p>\n","protected":false},"author":1,"featured_media":8419,"comment_status":"open","ping_status":"open","sticky":false,"template":"","format":"aside","meta":{"footnotes":""},"categories":[2],"tags":[855,639,35],"class_list":["post-8418","post","type-post","status-publish","format-aside","has-post-thumbnail","hentry","category-bejegyzes","tag-koztarsasagi-elnok","tag-ner","tag-orban","post_format-post-format-aside"],"_links":{"self":[{"href":"https:\/\/gyorgyradnai.eu\/wp-json\/wp\/v2\/posts\/8418","targetHints":{"allow":["GET"]}}],"collection":[{"href":"https:\/\/gyorgyradnai.eu\/wp-json\/wp\/v2\/posts"}],"about":[{"href":"https:\/\/gyorgyradnai.eu\/wp-json\/wp\/v2\/types\/post"}],"author":[{"embeddable":true,"href":"https:\/\/gyorgyradnai.eu\/wp-json\/wp\/v2\/users\/1"}],"replies":[{"embeddable":true,"href":"https:\/\/gyorgyradnai.eu\/wp-json\/wp\/v2\/comments?post=8418"}],"version-history":[{"count":1,"href":"https:\/\/gyorgyradnai.eu\/wp-json\/wp\/v2\/posts\/8418\/revisions"}],"predecessor-version":[{"id":8420,"href":"https:\/\/gyorgyradnai.eu\/wp-json\/wp\/v2\/posts\/8418\/revisions\/8420"}],"wp:featuredmedia":[{"embeddable":true,"href":"https:\/\/gyorgyradnai.eu\/wp-json\/wp\/v2\/media\/8419"}],"wp:attachment":[{"href":"https:\/\/gyorgyradnai.eu\/wp-json\/wp\/v2\/media?parent=8418"}],"wp:term":[{"taxonomy":"category","embeddable":true,"href":"https:\/\/gyorgyradnai.eu\/wp-json\/wp\/v2\/categories?post=8418"},{"taxonomy":"post_tag","embeddable":true,"href":"https:\/\/gyorgyradnai.eu\/wp-json\/wp\/v2\/tags?post=8418"}],"curies":[{"name":"wp","href":"https:\/\/api.w.org\/{rel}","templated":true}]}}