{"id":8449,"date":"2024-03-08T14:50:31","date_gmt":"2024-03-08T13:50:31","guid":{"rendered":"https:\/\/gyorgyradnai.eu\/?p=8449"},"modified":"2024-03-08T14:50:31","modified_gmt":"2024-03-08T13:50:31","slug":"a-sulyok-stacio","status":"publish","type":"post","link":"https:\/\/gyorgyradnai.eu\/a-sulyok-stacio\/","title":{"rendered":"A SULYOK-ST\u00c1CI\u00d3"},"content":{"rendered":"\n<p>\u201e\u00c9desap\u00e1m szoci\u00e1lisan \u00e9rz\u00e9keny, hazafias, filoszemita ember volt\u201d \u2013 nyilatkozta a mandinernek az \u00faj.<\/p>\n<p>Kor\u00e1bban m\u00e1st hazudott, vagy nem tudott apja m\u00faltj\u00e1b\u00f3l mindent.<\/p>\n<p>Most (kisdobos becs\u00fclet) szav\u00e1ra mondja, amit mond.<\/p>\n<p>Ez persze csak egy kiragadott mondat az interj\u00fab\u00f3l.<\/p>\n<p>Ami m\u00e9g csak a beharangoz\u00f3 st\u00e1ci\u00f3-st\u00e1dium\u00e1ban van.<\/p>\n<p>Figyelemfelkelt\u0151.<\/p>\n<p>Vagy elterel\u0151.<\/p>\n<p>Mert nem az apj\u00e1t v\u00e1lasztott\u00e1k.<\/p>\n<p>A 133 b\u00e1tor ember.<\/p>\n<p>R\u00e1l\u00f6kt\u00e9k az \u00fatra.<\/p>\n<p>Az \u00faton pedig v\u00e9gig kell menni.<\/p>\n<p>\u00a0<\/p>\n<p>Mennyi lesz az annyi?!<\/p>\n<p>2024. 03. 08. p\u00e9ntek<\/p>\n","protected":false},"excerpt":{"rendered":"<p>\u201e\u00c9desap\u00e1m szoci\u00e1lisan \u00e9rz\u00e9keny, hazafias, filoszemita ember volt\u201d \u2013 nyilatkozta a mandinernek az \u00faj. Kor\u00e1bban m\u00e1st hazudott, vagy nem tudott apja m\u00faltj\u00e1b\u00f3l mindent. Most (kisdobos becs\u00fclet) szav\u00e1ra mondja, amit mond. Ez persze csak egy kiragadott mondat az interj\u00fab\u00f3l. Ami m\u00e9g csak a beharangoz\u00f3 st\u00e1ci\u00f3-st\u00e1dium\u00e1ban van. Figyelemfelkelt\u0151. Vagy elterel\u0151. Mert nem az apj\u00e1t v\u00e1lasztott\u00e1k. A 133 b\u00e1tor [&hellip;]<\/p>\n","protected":false},"author":1,"featured_media":8450,"comment_status":"open","ping_status":"open","sticky":false,"template":"","format":"aside","meta":{"footnotes":""},"categories":[2],"tags":[859],"class_list":["post-8449","post","type-post","status-publish","format-aside","has-post-thumbnail","hentry","category-bejegyzes","tag-sulyok","post_format-post-format-aside"],"_links":{"self":[{"href":"https:\/\/gyorgyradnai.eu\/wp-json\/wp\/v2\/posts\/8449","targetHints":{"allow":["GET"]}}],"collection":[{"href":"https:\/\/gyorgyradnai.eu\/wp-json\/wp\/v2\/posts"}],"about":[{"href":"https:\/\/gyorgyradnai.eu\/wp-json\/wp\/v2\/types\/post"}],"author":[{"embeddable":true,"href":"https:\/\/gyorgyradnai.eu\/wp-json\/wp\/v2\/users\/1"}],"replies":[{"embeddable":true,"href":"https:\/\/gyorgyradnai.eu\/wp-json\/wp\/v2\/comments?post=8449"}],"version-history":[{"count":1,"href":"https:\/\/gyorgyradnai.eu\/wp-json\/wp\/v2\/posts\/8449\/revisions"}],"predecessor-version":[{"id":8451,"href":"https:\/\/gyorgyradnai.eu\/wp-json\/wp\/v2\/posts\/8449\/revisions\/8451"}],"wp:featuredmedia":[{"embeddable":true,"href":"https:\/\/gyorgyradnai.eu\/wp-json\/wp\/v2\/media\/8450"}],"wp:attachment":[{"href":"https:\/\/gyorgyradnai.eu\/wp-json\/wp\/v2\/media?parent=8449"}],"wp:term":[{"taxonomy":"category","embeddable":true,"href":"https:\/\/gyorgyradnai.eu\/wp-json\/wp\/v2\/categories?post=8449"},{"taxonomy":"post_tag","embeddable":true,"href":"https:\/\/gyorgyradnai.eu\/wp-json\/wp\/v2\/tags?post=8449"}],"curies":[{"name":"wp","href":"https:\/\/api.w.org\/{rel}","templated":true}]}}