{"id":8478,"date":"2024-03-22T11:12:07","date_gmt":"2024-03-22T10:12:07","guid":{"rendered":"https:\/\/gyorgyradnai.eu\/?p=8478"},"modified":"2024-03-22T11:12:07","modified_gmt":"2024-03-22T10:12:07","slug":"marhasagai","status":"publish","type":"post","link":"https:\/\/gyorgyradnai.eu\/marhasagai\/","title":{"rendered":"MARHAS\u00c1GAI"},"content":{"rendered":"\n\n\n<p>(id\u00e9zetek Orb\u00e1n Viktort\u00f3l \u2013 kommentek t\u0151lem)<\/p>\n<p>\u00a0<\/p>\n<p>\u201eMi nem \u00e1llunk h\u00e1bor\u00faban Oroszorsz\u00e1ggal\u201d \u2013 m\u00e9g vesz\u00e9lyhelyzetben sem\u2026<\/p>\n<p>\u201e\u00fagy \u00e9rzem magam, mintha egy m\u00e1sik galaxisba \u00e9rkeztem volna \u2026 furcsa \u00e9rz\u00e9s Magyarorsz\u00e1gr\u00f3l Br\u00fcsszelbe j\u00f6nni, mert itt h\u00e1bor\u00fas hangulat, logika \u00e9s nyelvezet van, itt \u00fagy besz\u00e9lnek a politikusok, mintha h\u00e1bor\u00fa lenne &#8221; \u2013 persze, ott nincs kihirdetve a vesz\u00e9lyhelyzet\u2026<\/p>\n<p>\u201eBudapest ma fogs\u00e1gban van\u201d \u2013 de nem Gyurcs\u00e1nynak, hanem a \u201eb\u0171n\u00f6s-v\u00e1ros-t\u201d hirdet\u0151nek a fogs\u00e1g\u00e1ban\u2026<\/p>\n<p>\u201eEz nem egy futballmeccs, amikor drukkolni kell valakinek\u201d \u2013 \u00e9s \u0151 m\u00e9gis drukkol\u2026<\/p>\n<p>\u201eNem szabad elvesz\u00edteni a t\u00e1j\u00e9koz\u00f3d\u00e1si k\u00e9pess\u00e9g\u00fcnket\u201d \u2013 m\u00e9gis elveszti napr\u00f3l-napra, \u00f3r\u00e1r\u00f3l-\u00f3r\u00e1ra\u2026<\/p>\n<p>\u201eEz nem egy vide\u00f3j\u00e1t\u00e9k\u201d \u2013 m\u00e9gis \u00fagy tesz \u00e9s j\u00e1tszik\u2026<\/p>\n<p>\u201emert Br\u00fcsszel a Soros-f\u00e9le h\u00e1l\u00f3zat foglya\u201d \u2013 \u0151 meg Putyin\u00e9\u2026<\/p>\n<p>\u00a0<\/p>\n<p>A nyuszika-vicc jut az eszembe:<\/p>\n<p>Nyuszika tal\u00e1lkozik az erd\u0151ben a medv\u00e9vel, \u00e9s \u00edgy sz\u00f3l:<\/p>\n<p>&#8211; K\u00e9pzeld medve, tegnap tal\u00e1lkoztam a diszk\u00f3ban a r\u00f3kal\u00e1nnyal. Az eg\u00e9sz est\u00e9t v\u00e9gig t\u00e1ncoltuk, \u00e9s miut\u00e1n hazak\u00eds\u00e9rtem, bevitt a h\u00e1l\u00f3szob\u00e1j\u00e1ba \u00e9s azt mondta: Nyuszik\u00e1m, mindenem a ti\u00e9d! Medve hallod, ha ott lett\u00e9l volna, m\u00e9g a h\u0171t\u0151t is el tudtuk volna hozni!<\/p>\n<p>2024. 03. 22. p\u00e9ntek<\/p>\n","protected":false},"excerpt":{"rendered":"<p>(id\u00e9zetek Orb\u00e1n Viktort\u00f3l \u2013 kommentek t\u0151lem) \u00a0 \u201eMi nem \u00e1llunk h\u00e1bor\u00faban Oroszorsz\u00e1ggal\u201d \u2013 m\u00e9g vesz\u00e9lyhelyzetben sem\u2026 \u201e\u00fagy \u00e9rzem magam, mintha egy m\u00e1sik galaxisba \u00e9rkeztem volna \u2026 furcsa \u00e9rz\u00e9s Magyarorsz\u00e1gr\u00f3l Br\u00fcsszelbe j\u00f6nni, mert itt h\u00e1bor\u00fas hangulat, logika \u00e9s nyelvezet van, itt \u00fagy besz\u00e9lnek a politikusok, mintha h\u00e1bor\u00fa lenne &#8221; \u2013 persze, ott nincs kihirdetve a vesz\u00e9lyhelyzet\u2026 [&hellip;]<\/p>\n","protected":false},"author":1,"featured_media":8479,"comment_status":"open","ping_status":"open","sticky":false,"template":"","format":"aside","meta":{"footnotes":""},"categories":[2],"tags":[639,35],"class_list":["post-8478","post","type-post","status-publish","format-aside","has-post-thumbnail","hentry","category-bejegyzes","tag-ner","tag-orban","post_format-post-format-aside"],"_links":{"self":[{"href":"https:\/\/gyorgyradnai.eu\/wp-json\/wp\/v2\/posts\/8478","targetHints":{"allow":["GET"]}}],"collection":[{"href":"https:\/\/gyorgyradnai.eu\/wp-json\/wp\/v2\/posts"}],"about":[{"href":"https:\/\/gyorgyradnai.eu\/wp-json\/wp\/v2\/types\/post"}],"author":[{"embeddable":true,"href":"https:\/\/gyorgyradnai.eu\/wp-json\/wp\/v2\/users\/1"}],"replies":[{"embeddable":true,"href":"https:\/\/gyorgyradnai.eu\/wp-json\/wp\/v2\/comments?post=8478"}],"version-history":[{"count":1,"href":"https:\/\/gyorgyradnai.eu\/wp-json\/wp\/v2\/posts\/8478\/revisions"}],"predecessor-version":[{"id":8480,"href":"https:\/\/gyorgyradnai.eu\/wp-json\/wp\/v2\/posts\/8478\/revisions\/8480"}],"wp:featuredmedia":[{"embeddable":true,"href":"https:\/\/gyorgyradnai.eu\/wp-json\/wp\/v2\/media\/8479"}],"wp:attachment":[{"href":"https:\/\/gyorgyradnai.eu\/wp-json\/wp\/v2\/media?parent=8478"}],"wp:term":[{"taxonomy":"category","embeddable":true,"href":"https:\/\/gyorgyradnai.eu\/wp-json\/wp\/v2\/categories?post=8478"},{"taxonomy":"post_tag","embeddable":true,"href":"https:\/\/gyorgyradnai.eu\/wp-json\/wp\/v2\/tags?post=8478"}],"curies":[{"name":"wp","href":"https:\/\/api.w.org\/{rel}","templated":true}]}}