{"id":8488,"date":"2024-03-27T13:09:40","date_gmt":"2024-03-27T12:09:40","guid":{"rendered":"https:\/\/gyorgyradnai.eu\/?p=8488"},"modified":"2024-03-27T13:09:41","modified_gmt":"2024-03-27T12:09:41","slug":"sport-poltika","status":"publish","type":"post","link":"https:\/\/gyorgyradnai.eu\/sport-poltika\/","title":{"rendered":"SPORT??! \u2013 POLTIKA!"},"content":{"rendered":"\n<p>Itt bel\u00e9pnek a ringbe a bokszol\u00f3k \u00e9s \u2013 a szab\u00e1lyok szerint \u2013 p\u00fcf\u00f6lni kezdik egym\u00e1st \u2013 aki t\u00f6bbet, nagyobbat \u00fct a megfelel\u0151 helyekre, \u00e1llva marad, mik\u00f6zben a m\u00e1sik fekve, az nyer!<\/p>\n<p>Itt le\u00fclnek a sakkt\u00e1bla mell\u00e9, elind\u00edtj\u00e1k az \u00f3r\u00e1kat, tologatj\u00e1k \u2013 a szab\u00e1lyok szerint \u2013 a b\u00e1bukat, n\u00e9ha le\u00fctik a m\u00e1sik\u00e9t \u2013 akinek leesik az \u00f3r\u00e1ja, mattot kap a kir\u00e1lya, mert nem tud m\u00e1r sehova ell\u00e9pni a sakk el\u0151l, vagy ezt megsem v\u00e1rja az vesz\u00edt \u00e9s m\u00e1r ny\u00fajtja is a kez\u00e9t.<\/p>\n<p>Itt f\u00f6l\u00fclnek a ker\u00e9kp\u00e1rjukra, tekerni kezdik \u2013 a szab\u00e1lyok szerint \u2013 hossz\u00fa kilom\u00e9tereken \u00e1t \u2013 aki el\u0151bb \u00e9r be a c\u00e9lba az lesz a gy\u0151ztes.<\/p>\n<p>Itt kiszaladnak tizenegyen k\u00e9t kapu k\u00f6z\u00e9, rugdosni kezdenek egy labd\u00e1t \u2013 az egyik betal\u00e1l a kapuk k\u00f6z\u00e9, lef\u00fajj\u00e1k a meccset, mert \u2013 a szab\u00e1lyok szerint \u2013 letelt az id\u0151, nyert.<\/p>\n<p>\u2026<\/p>\n<p>\u00a0<\/p>\n<p>H\u00e1t a NER-politik\u00e1ban? A NER mindennapokban?<\/p>\n<p>Ott \u2013 term\u00e9szetesen(??!) \u2013 nem \u00edgy van.<\/p>\n<p>Ott az a \u201eszab\u00e1ly\u201d, hogy nincsenek szab\u00e1lyok \u2013 m\u00e9g ha kihirdetettek vannak is.<\/p>\n<p>Ott \u00e1tszaladhatsz els\u0151k\u00e9nt a c\u00e9lvonalon, azt\u00e1n m\u00e9gse t\u00e9ged hirdetnek els\u0151nek.<\/p>\n<p>Ott el\u0151sz\u00f6r meg\u00e1llap\u00edtj\u00e1k: \u201ete egy \u00f6k\u00f6r, egy gazember, egy dupla semmi vagy\u201d; azt\u00e1n azt mondj\u00e1k r\u00e1d, \u201everted a feles\u00e9gedet\u201d; \u201ekimondod a feles\u00e9ged helyett, amit hallani akarsz\u201d \u2013 azaz te nem is nyert\u00e9l (hogy mi a k\u00f6ze ennek ahhoz, hogy te szak\u00edtottad \u00e1t a c\u00e9lszalagot els\u0151nek, az nem \u00e9rdekes).<\/p>\n<p>Ott a gy\u0151zelem \u201en\u00e1rcisztikus d\u00fch \u00e9s bossz\u00fa puszt\u00edt\u00f3 \u00e9s k\u00edm\u00e9letlen\u2026 se gyerekeknek, se bar\u00e1toknak nem kegyelmez\u201d.<\/p>\n<p>Ott minden manipul\u00e1ci\u00f3!<\/p>\n<p>\u00a0<\/p>\n<p>\u201e\u00c9n szeretem a focit\u2026\u201d<\/p>\n<ol start=\"2024\">\n<li>03. 27. szerda<\/li>\n<\/ol>\n","protected":false},"excerpt":{"rendered":"<p>Itt bel\u00e9pnek a ringbe a bokszol\u00f3k \u00e9s \u2013 a szab\u00e1lyok szerint \u2013 p\u00fcf\u00f6lni kezdik egym\u00e1st \u2013 aki t\u00f6bbet, nagyobbat \u00fct a megfelel\u0151 helyekre, \u00e1llva marad, mik\u00f6zben a m\u00e1sik fekve, az nyer! Itt le\u00fclnek a sakkt\u00e1bla mell\u00e9, elind\u00edtj\u00e1k az \u00f3r\u00e1kat, tologatj\u00e1k \u2013 a szab\u00e1lyok szerint \u2013 a b\u00e1bukat, n\u00e9ha le\u00fctik a m\u00e1sik\u00e9t \u2013 akinek leesik az [&hellip;]<\/p>\n","protected":false},"author":1,"featured_media":8489,"comment_status":"open","ping_status":"open","sticky":false,"template":"","format":"aside","meta":{"footnotes":""},"categories":[2],"tags":[860,639],"class_list":["post-8488","post","type-post","status-publish","format-aside","has-post-thumbnail","hentry","category-bejegyzes","tag-magyar-peter","tag-ner","post_format-post-format-aside"],"_links":{"self":[{"href":"https:\/\/gyorgyradnai.eu\/wp-json\/wp\/v2\/posts\/8488","targetHints":{"allow":["GET"]}}],"collection":[{"href":"https:\/\/gyorgyradnai.eu\/wp-json\/wp\/v2\/posts"}],"about":[{"href":"https:\/\/gyorgyradnai.eu\/wp-json\/wp\/v2\/types\/post"}],"author":[{"embeddable":true,"href":"https:\/\/gyorgyradnai.eu\/wp-json\/wp\/v2\/users\/1"}],"replies":[{"embeddable":true,"href":"https:\/\/gyorgyradnai.eu\/wp-json\/wp\/v2\/comments?post=8488"}],"version-history":[{"count":1,"href":"https:\/\/gyorgyradnai.eu\/wp-json\/wp\/v2\/posts\/8488\/revisions"}],"predecessor-version":[{"id":8490,"href":"https:\/\/gyorgyradnai.eu\/wp-json\/wp\/v2\/posts\/8488\/revisions\/8490"}],"wp:featuredmedia":[{"embeddable":true,"href":"https:\/\/gyorgyradnai.eu\/wp-json\/wp\/v2\/media\/8489"}],"wp:attachment":[{"href":"https:\/\/gyorgyradnai.eu\/wp-json\/wp\/v2\/media?parent=8488"}],"wp:term":[{"taxonomy":"category","embeddable":true,"href":"https:\/\/gyorgyradnai.eu\/wp-json\/wp\/v2\/categories?post=8488"},{"taxonomy":"post_tag","embeddable":true,"href":"https:\/\/gyorgyradnai.eu\/wp-json\/wp\/v2\/tags?post=8488"}],"curies":[{"name":"wp","href":"https:\/\/api.w.org\/{rel}","templated":true}]}}