{"id":8590,"date":"2024-06-07T11:04:14","date_gmt":"2024-06-07T10:04:14","guid":{"rendered":"https:\/\/gyorgyradnai.eu\/?p=8590"},"modified":"2024-06-07T11:04:14","modified_gmt":"2024-06-07T10:04:14","slug":"petofit-se","status":"publish","type":"post","link":"https:\/\/gyorgyradnai.eu\/petofit-se\/","title":{"rendered":"PET\u0150FIT SE&#8230;"},"content":{"rendered":"\n<p><em>&#8222;Elmerengve n\u00e9zi<\/em><\/p>\n<p><em>Ez a k\u00fat\u00e1gas a t\u00e1vol d\u00e9lib\u00e1bot,<\/em><\/p>\n<p><em>Nem tudom, mit n\u00e9zhet rajta? hisz aff\u00e9l\u00e9t<\/em><\/p>\n<p><em>M\u00e1r eleget l\u00e1tott.&#8221;<\/em><\/p>\n<p><em>(Pet\u0151fi S\u00e1ndor<\/em><\/p>\n<p><em>A Kiskuns\u00e1g)<\/em><\/p>\n<p><em>\u00a0<\/em><\/p>\n<p><em>\u00a0<\/em><\/p>\n<p>Kinek \u00edrom vajon ezt a bejegyz\u00e9st?!<\/p>\n<p>\u00a0<\/p>\n<p>\u00d6regnek?<\/p>\n<p>Fiatalnak?<\/p>\n<p>Egy polg\u00e1rnak?<\/p>\n<p>Szeg\u00e9nynek vagy gazdagnak?<\/p>\n<p>Vid\u00e9kinek vagy f\u0151v\u00e1rosinak?<\/p>\n<p>Net\u00e1n egy pom\u00e1zi szavaz\u00f3nak?<\/p>\n<p>Egy iskola-igazgat\u00f3 asszonys\u00e1gnak?<\/p>\n<p>\u00a0<\/p>\n<p>Megint szavaz\u00e1s lesz!<\/p>\n<p>No nem orsz\u00e1ggy\u0171l\u00e9si, \u201ecsak\u201d \u00f6nkorm\u00e1nyzati meg valami \u201euni\u00f3s iz\u00e9\u201d.<\/p>\n<p>\u00a0<\/p>\n<p>A franc se \u00e9rti ezt.<\/p>\n<p>Tele van minden plak\u00e1tozva.<\/p>\n<p>A \u201eH\u00c1BOR\u00da\u201d-r\u00f3l.<\/p>\n<p>Hogy csak a Fidesz nem akarja azt.<\/p>\n<p>A baloldal akarja.<\/p>\n<p>A sok h\u00fcly\u00e9je.<\/p>\n<p>Mert \u0151k a h\u00e1bor\u00fas lobbi tagjai.<\/p>\n<p>\u201eSorosist\u00e1k\u201d.<\/p>\n<p>Meg \u201egenderist\u00e1k\u201d.<\/p>\n<p>A magyar focit se szeretik.<\/p>\n<p>\u00c9s \u00e9nekelni se a \u201eN\u00e9lk\u00fcled\u201d-et.<\/p>\n<p>De most majd j\u00f3l \u201epof\u00e1n-csapjuk\u201d \u0151ket!<\/p>\n<p>Megint, \u00fagy, ahogyan m\u00e1r tizenk\u00e9t \u00e9ve is tessz\u00fck.<\/p>\n<p>Tanulj\u00e1k m\u00e1r v\u00e9gre meg, ez a MI REND\u00dcNK!<\/p>\n<p>Nekik coki!<\/p>\n<p>\u201eF\u00e9rgek \u0151k\u201d \u2013 ahogy a Bayer Zsolti is mondogatja!<\/p>\n<p>\u201eMa arra kell v\u00e1llalkoznunk, hogy v\u00e9ghez vigy\u00fck azt, ami Tisza Istv\u00e1nnak nem siker\u00fclt. Megakad\u00e1lyozzuk Magyarorsz\u00e1g r\u00e9szv\u00e9tel\u00e9t egy \u00fajabb eur\u00f3pai h\u00e1bor\u00faban!\u201d \u2013 ezt ugyan nem \u00e9rtem, ki volt az a Tisza Istv\u00e1n, de, ha a Viktor mondja, akkor igaza van!<\/p>\n<p>\u00a0<\/p>\n<p>Megint szavaz\u00e1s lesz.<\/p>\n<p>No nem orsz\u00e1ggy\u0171l\u00e9si, \u201ecsak\u201d \u00f6nkorm\u00e1nyzati meg valami \u201euni\u00f3s iz\u00e9\u201d.<\/p>\n<p>\u00a0<\/p>\n<p>Sz\u00e1zhetvenhat \u00e9ve Pet\u0151fit se v\u00e1lasztott\u00e1tok mag.<\/p>\n<p>&#8222;Ejnye vajon mit szeml\u00e9lhet?<\/p>\n<p>T\u00e1n a f\u00e9nyes d\u00e9lib\u00e1bot?<\/p>\n<p>Hisz olyat m\u00e1r sokat l\u00e1tott&#8230;<\/p>\n<p>Vagy a szomsz\u00e9d falu torny\u00e1t?<\/p>\n<p>Hisz azon meg nem sokat l\u00e1t&#8230;\u201d \u2013 Pet\u0151fi kor\u00e1bban \u201eArany Lacihoz\u201d<\/p>\n<p>Azt\u00e1n elzavart\u00e1k.<\/p>\n<p>\u201eMert volt ott minden, ami egy j\u00f3 kis kortesked\u00e9sbe beleillik, itat\u00e1s, lej\u00e1rat\u00e1s, fenyeget\u00e9s, tettlegess\u00e9gre val\u00f3 felbuzd\u00edt\u00e1s. A v\u00e1laszt\u00e1s el\u0151tt a v\u00e1laszt\u00e1sra fel\u00fcgyel\u0151 kunszentmikl\u00f3si b\u00edr\u00f3, Vir\u00e1gh D\u00e9nes megtiltotta Pet\u0151finek, hogy az \u0151t \u00e9rt v\u00e1dakra v\u00e1laszt\u00e1si besz\u00e9d\u00e9ben kit\u00e9rjen\u2026\u201d.<\/p>\n<p>Sz\u00e1zhetvenhat \u00e9ve!<\/p>\n<p>Ma m\u00e9g \u201efinomabb\u201d m\u00f3di van: Goebbelsi propaganda!<\/p>\n<p>Orr\u00e1n-sz\u00e1j\u00e1n.<\/p>\n<p>Az egyik, a (<span style=\"text-decoration: line-through;\">vigyorg\u00f3<\/span>) folytonosan-mosolyg\u00f3, az, aki mindig k\u00edgy\u00f3t-b\u00e9k\u00e1t ok\u00e1d, amikor kinyitja a sz\u00e1j\u00e1t most parancsra visszal\u00e9pett.<\/p>\n<p>A m\u00e1sik: tagadja, hogy fideszes.<\/p>\n<p>De a vigyori most k\u00e9ri a szavaz\u00f3it: szavazzanak a tagad\u00f3ra!<\/p>\n<p>Mert az meg\u00e1ll\u00edtja majd a h\u00e1bor\u00fat, Gyurcs\u00e1nyt, a zsid\u00f3-Sorost.<\/p>\n<p>A cs\u00e1di polg\u00e1rh\u00e1bor\u00fat is!<\/p>\n<p>Nem hallott\u00e1l r\u00f3la?<\/p>\n<p>Itt, Pom\u00e1zon se?<\/p>\n<p>Err\u0151l nem besz\u00e9l(t) az iskola-igazgat\u00f3 asszonys\u00e1g?<\/p>\n<p>A fideszes adat-hal\u00e1sz?!<\/p>\n<p>\u00a0<\/p>\n<p>Megint szavaz\u00e1s lesz.<\/p>\n<p>No nem orsz\u00e1ggy\u0171l\u00e9si, \u201ecsak\u201d \u00f6nkorm\u00e1nyzati meg valami \u201euni\u00f3s iz\u00e9\u201d.<\/p>\n<p>\u00a0<\/p>\n<p>Kire fogsz szavazni?<\/p>\n<p>A \u201esz\u00edvedre\u201d hallgatsz majd, vagy az eszedre?<\/p>\n<p>A hatalomm\u00e1ni\u00e1s hazudoz\u00f3ra?<\/p>\n<p>A Messi\u00e1sra?<\/p>\n<p>Megint befogod az orrod??!<\/p>\n<p>\u00a0<\/p>\n<p><em>Vajon kinek \u00edrtam ezt a bejegyz\u00e9st?!<\/em><\/p>\n<ol start=\"2024\">\n<li>06. 07. p\u00e9ntek<\/li>\n<\/ol>\n","protected":false},"excerpt":{"rendered":"<p>&#8222;Elmerengve n\u00e9zi Ez a k\u00fat\u00e1gas a t\u00e1vol d\u00e9lib\u00e1bot, Nem tudom, mit n\u00e9zhet rajta? hisz aff\u00e9l\u00e9t M\u00e1r eleget l\u00e1tott.&#8221; (Pet\u0151fi S\u00e1ndor A Kiskuns\u00e1g) \u00a0 \u00a0 Kinek \u00edrom vajon ezt a bejegyz\u00e9st?! \u00a0 \u00d6regnek? Fiatalnak? Egy polg\u00e1rnak? Szeg\u00e9nynek vagy gazdagnak? Vid\u00e9kinek vagy f\u0151v\u00e1rosinak? Net\u00e1n egy pom\u00e1zi szavaz\u00f3nak? Egy iskola-igazgat\u00f3 asszonys\u00e1gnak? \u00a0 Megint szavaz\u00e1s lesz! No nem orsz\u00e1ggy\u0171l\u00e9si, [&hellip;]<\/p>\n","protected":false},"author":1,"featured_media":8591,"comment_status":"open","ping_status":"open","sticky":false,"template":"","format":"aside","meta":{"footnotes":""},"categories":[2],"tags":[42],"class_list":["post-8590","post","type-post","status-publish","format-aside","has-post-thumbnail","hentry","category-bejegyzes","tag-valasztas","post_format-post-format-aside"],"_links":{"self":[{"href":"https:\/\/gyorgyradnai.eu\/wp-json\/wp\/v2\/posts\/8590","targetHints":{"allow":["GET"]}}],"collection":[{"href":"https:\/\/gyorgyradnai.eu\/wp-json\/wp\/v2\/posts"}],"about":[{"href":"https:\/\/gyorgyradnai.eu\/wp-json\/wp\/v2\/types\/post"}],"author":[{"embeddable":true,"href":"https:\/\/gyorgyradnai.eu\/wp-json\/wp\/v2\/users\/1"}],"replies":[{"embeddable":true,"href":"https:\/\/gyorgyradnai.eu\/wp-json\/wp\/v2\/comments?post=8590"}],"version-history":[{"count":1,"href":"https:\/\/gyorgyradnai.eu\/wp-json\/wp\/v2\/posts\/8590\/revisions"}],"predecessor-version":[{"id":8592,"href":"https:\/\/gyorgyradnai.eu\/wp-json\/wp\/v2\/posts\/8590\/revisions\/8592"}],"wp:featuredmedia":[{"embeddable":true,"href":"https:\/\/gyorgyradnai.eu\/wp-json\/wp\/v2\/media\/8591"}],"wp:attachment":[{"href":"https:\/\/gyorgyradnai.eu\/wp-json\/wp\/v2\/media?parent=8590"}],"wp:term":[{"taxonomy":"category","embeddable":true,"href":"https:\/\/gyorgyradnai.eu\/wp-json\/wp\/v2\/categories?post=8590"},{"taxonomy":"post_tag","embeddable":true,"href":"https:\/\/gyorgyradnai.eu\/wp-json\/wp\/v2\/tags?post=8590"}],"curies":[{"name":"wp","href":"https:\/\/api.w.org\/{rel}","templated":true}]}}