{"id":8679,"date":"2024-08-24T12:18:23","date_gmt":"2024-08-24T11:18:23","guid":{"rendered":"https:\/\/gyorgyradnai.eu\/?p=8679"},"modified":"2024-08-24T12:18:23","modified_gmt":"2024-08-24T11:18:23","slug":"imagine","status":"publish","type":"post","link":"https:\/\/gyorgyradnai.eu\/imagine\/","title":{"rendered":"IMAGINE"},"content":{"rendered":"\n<p><em>\u201ek\u00e9pzeld, nincs mennyorsz\u00e1g<\/em><\/p>\n<p><em>\u00e9rezd, mily k\u00f6nny\u0171 az \u00e9g.<\/em><\/p>\n<p><em>pokol sincs alattunk.<\/em><\/p>\n<p><em>f\u00f6l\u00f6tt\u00fcnk tombol a messzes\u00e9g<\/em><\/p>\n<p><em>\u00e9s k\u00e9pzeld, az emberek<\/em><\/p>\n<p><em>der\u0171sen \u00e9lnek a m\u00e1nak.<\/em><\/p>\n<p><em>\u00a0<\/em><\/p>\n<p><em>nincsenek hat\u00e1rok,<\/em><\/p>\n<p><em>k\u00e9pzeld er\u0151sen.<\/em><\/p>\n<p><em>nincs mi\u00e9rt \u00f6lni, halni<\/em><\/p>\n<p><em>nincsenek sz\u00e9th\u00faz\u00f3 vall\u00e1sok.<\/em><\/p>\n<p><em>\u00e9des b\u00e9k\u00e9ben \u00e9l<\/em><\/p>\n<p><em>minden ember.<\/em><\/p>\n<p><em>\u00a0<\/em><\/p>\n<p><em>mondhatod, hi\u00e1ba \u00e1lmodozom,<\/em><\/p>\n<p><em>de nem vagyok magam,<\/em><\/p>\n<p><em>j\u00f6nnek m\u00e9g hozz\u00e1nk oly sokan<\/em><\/p>\n<p><em>hidd el meg\u00e9rj\u00fck, hogy a vil\u00e1g rendben van.<\/em><\/p>\n<p><em>\u00a0<\/em><\/p>\n<p><em>k\u00e9pzeld nincs tulajdon<\/em><\/p>\n<p><em>\u00e9rzed mily csod\u00e1s?<\/em><\/p>\n<p><em>nincs f\u00e9ny\u0171z\u00e9s, nincs nyomor<\/em><\/p>\n<p><em>testv\u00e9r minden ember<\/em><\/p>\n<p><em>k\u00e9pzeld er\u0151sen,<\/em><\/p>\n<p><em>s felenged a fagyos vil\u00e1g.<\/em><\/p>\n<p><em>\u00a0<\/em><\/p>\n<p><em>mondhatod, hi\u00e1ba \u00e1lmodozom,<\/em><\/p>\n<p><em>de nem vagyok magam,<\/em><\/p>\n<p><em>j\u00f6nnek m\u00e9g hozz\u00e1nk oly sokan<\/em><\/p>\n<p><em>hidd el meg\u00e9rj\u00fck, hogy a vil\u00e1g rendben van\u201d<\/em><\/p>\n<p>\u00a0<\/p>\n<p>\u00a0<\/p>\n<p>H\u00e1bor\u00fa van.<\/p>\n<p>Vesz\u00e9lyhelyzet kihirdetve.<\/p>\n<p>Solingen v\u00e1ros\u00e1ban \u2013 egy fesztiv\u00e1lon \u2013 t\u00f6meges k\u00e9sel\u00e9s t\u00f6rt\u00e9nt ma hajnalban, a k\u00e9sel\u0151 meg\u00f6lt h\u00e1rom embert, t\u00f6bbeket megsebes\u00edtett.<\/p>\n<p>A magyar lak\u00e1j-sajt\u00f3 m\u00e1r migr\u00e1nst ki\u00e1lt\u2026<\/p>\n<p>\u00a0<\/p>\n<p>Tele plak\u00e1tozta az orsz\u00e1got: katon\u00e1nak h\u00edvja a fiatalokat.<\/p>\n<p>K\u00f6zben a B\u00c9K\u00c9\u00c9RT pr\u00e9dik\u00e1l, mik\u00f6zben h\u00e1bor\u00fas b\u0171n\u00f6s a haverja, dikt\u00e1torokkal k\u00f6t sz\u00f6vets\u00e9get.<\/p>\n<p>Naponta az Uni\u00f3 ellen usz\u00edt, \u00fajabb \u00e9s \u00fajabb gy\u0171l\u00f6let-\u201et\u00e1rgyakat\u201d vizion\u00e1l.<\/p>\n<p>Mindenki ellens\u00e9g, aki nem vele van! \u2013 hirdeti.<\/p>\n<p>Szerinte \u00faj vil\u00e1grend k\u00f6zeleg, amiben az ezer\u00e9ves magyarnak-magyark\u00e9nt helye van.<\/p>\n<p>Ez\u00e9rt harcol.<\/p>\n<p>Meg a csal\u00e1dj\u00e1\u00e9rt.<\/p>\n<p>Akkor a p\u00e9nz nem sz\u00e1m\u00edt.<\/p>\n<p>Pontosabban: akkor sz\u00e1m\u00edt.<\/p>\n<p>\u00a0<\/p>\n<p>Mindek\u00f6zben \u0151 ma adott egy nagy interj\u00fat.<\/p>\n<p>A haver-lak\u00e1j sz\u00f3cs\u00f6v\u00e9nek.<\/p>\n<p>A sportr\u00f3l, ahogy \u0151 l\u00e1tja az Olimpi\u00e1t, a magyar rendez\u00e9s lehet\u0151s\u00e9g\u00e9t.<\/p>\n<p>Sok \u201eegy\u00e9br\u0151l\u201d is.<\/p>\n<p>Ami csak a \u201ev\u00e1jt f\u00fcl\u0171eknek\u201d der\u00fcl ki.<\/p>\n<p>Ahogy halad el\u0151re a \u201edum\u00e1ban\u201d, \u00fagy rajzol\u00f3dik ki a l\u00e9nyeg.<\/p>\n<p>Az interj\u00fat nem smsben adta, \u00fagy csak szem\u00e9lyi d\u00f6nt\u00e9seket hoz-k\u00f6z\u00f6l.<\/p>\n<p>Szokott form\u00e1j\u00e1t hozta.<\/p>\n<p>Az unalomig ismert l\u00f3zungjait ism\u00e9telgette.<\/p>\n<p>Az olimpiai \u00e9remt\u00e1bl\u00e1zatban a t\u00edz k\u00f6z\u00f6tt a hely\u00fcnk; korszakos zsenijeink vannak a sportban is; az nem igazs\u00e1g, hogy a f\u00e9rfi p\u00f3l\u00f3saink n\u00e9gyszer kikaptak; neki nyolc arany lett volna a magyar igazs\u00e1g; a f\u00e9rfi az f\u00e9rfi, a n\u0151, az n\u0151; ha Luc\u00e1nk nem egy f\u00e9rfiszer\u0171 ellenf\u00e9llel k\u00fczd\u00f6tt volna; a mi \u00f6ttus\u00e1z\u00f3 l\u00e1nyunk m\u00e9g Boltot is lefutotta volna (ja, ezt nem is \u0151, a lak\u00e1j-al\u00e1k\u00e9rdez\u0151 mondta); abban a Szajn\u00e1ban, aminek el\u0151sz\u00f6r is \u00e1raml\u00e1sa van, m\u00e1sr\u00e9szt a fene se tudja, hogy mi van benne \u2026<\/p>\n<p>De m\u00e1st is nyilatkozott, p\u00e9ld\u00e1ul ilyeneket: a libsi el\u00e9gedetlens\u00e9g nyegle, \u00e9s persze mindig valaki m\u00e1s tehet arr\u00f3l, hogy az rossz; bezzeg(h) a kereszt\u00e9ny el\u00e9gedetlens\u00e9g; azt\u00e1n hadov\u00e1lt egyet a himnuszokr\u00f3l, a Lennon Imagine dal\u00e1r\u00f3l, mint egy marxista hitvall\u00e1sr\u00f3l, ami szerinte \u00f6npuszt\u00edt\u00f3, ami egy vil\u00e1gm\u00e9ret\u0171 kamp\u00e1ny \u00e9rt\u00e9kei ellen \u2026<\/p>\n<p>M\u00e9g sok mindenf\u00e9le marhas\u00e1gr\u00f3l karattyolt, a magyarok \u00e9s a ker\u00e9kp\u00e1r kapcsolat\u00e1r\u00f3l is.<\/p>\n<p>Azt\u00e1n a v\u00e9g\u00e9re csak kib\u00f6kte mag\u00e1b\u00f3l: ide vele azzal a \u201936-os olimpi\u00e1val!<\/p>\n<p>Szerencs\u00e9re m\u00e1r Hitler Adolf nem \u00e9l: nem tudja megnyitni\u2026<\/p>\n<p>\u00a0<\/p>\n<p>H\u00e1bor\u00fa van.<\/p>\n<p>Vesz\u00e9lyhelyzet kihirdetve.<\/p>\n<p>Solingen v\u00e1ros\u00e1ban \u2013 egy fesztiv\u00e1lon \u2013 t\u00f6meges k\u00e9sel\u00e9s t\u00f6rt\u00e9nt ma hajnalban, a k\u00e9sel\u0151 meg\u00f6lt h\u00e1rom embert, t\u00f6bbeket megsebes\u00edtett.<\/p>\n<p>A magyar lak\u00e1j-sajt\u00f3 m\u00e1r migr\u00e1nst ki\u00e1lt\u2026<\/p>\n<p>A k\u00f3rh\u00e1zakban a l\u00e9gkondi nem \u00e9rdekes \u2013 \u00fagy is \u0151sz lesz mindj\u00e1rt.<\/p>\n<p>\u00a0<\/p>\n<ol start=\"2024\">\n<li>08. 24. szombat<\/li>\n<\/ol>\n<p>(K\u00e9p: Alexandru Bublic)<\/p>\n","protected":false},"excerpt":{"rendered":"<p>\u201ek\u00e9pzeld, nincs mennyorsz\u00e1g \u00e9rezd, mily k\u00f6nny\u0171 az \u00e9g. pokol sincs alattunk. f\u00f6l\u00f6tt\u00fcnk tombol a messzes\u00e9g \u00e9s k\u00e9pzeld, az emberek der\u0171sen \u00e9lnek a m\u00e1nak. \u00a0 nincsenek hat\u00e1rok, k\u00e9pzeld er\u0151sen. nincs mi\u00e9rt \u00f6lni, halni nincsenek sz\u00e9th\u00faz\u00f3 vall\u00e1sok. \u00e9des b\u00e9k\u00e9ben \u00e9l minden ember. \u00a0 mondhatod, hi\u00e1ba \u00e1lmodozom, de nem vagyok magam, j\u00f6nnek m\u00e9g hozz\u00e1nk oly sokan hidd el [&hellip;]<\/p>\n","protected":false},"author":1,"featured_media":8680,"comment_status":"open","ping_status":"open","sticky":false,"template":"","format":"standard","meta":{"footnotes":""},"categories":[2],"tags":[133,35],"class_list":["post-8679","post","type-post","status-publish","format-standard","has-post-thumbnail","hentry","category-bejegyzes","tag-olimpia","tag-orban"],"_links":{"self":[{"href":"https:\/\/gyorgyradnai.eu\/wp-json\/wp\/v2\/posts\/8679","targetHints":{"allow":["GET"]}}],"collection":[{"href":"https:\/\/gyorgyradnai.eu\/wp-json\/wp\/v2\/posts"}],"about":[{"href":"https:\/\/gyorgyradnai.eu\/wp-json\/wp\/v2\/types\/post"}],"author":[{"embeddable":true,"href":"https:\/\/gyorgyradnai.eu\/wp-json\/wp\/v2\/users\/1"}],"replies":[{"embeddable":true,"href":"https:\/\/gyorgyradnai.eu\/wp-json\/wp\/v2\/comments?post=8679"}],"version-history":[{"count":1,"href":"https:\/\/gyorgyradnai.eu\/wp-json\/wp\/v2\/posts\/8679\/revisions"}],"predecessor-version":[{"id":8681,"href":"https:\/\/gyorgyradnai.eu\/wp-json\/wp\/v2\/posts\/8679\/revisions\/8681"}],"wp:featuredmedia":[{"embeddable":true,"href":"https:\/\/gyorgyradnai.eu\/wp-json\/wp\/v2\/media\/8680"}],"wp:attachment":[{"href":"https:\/\/gyorgyradnai.eu\/wp-json\/wp\/v2\/media?parent=8679"}],"wp:term":[{"taxonomy":"category","embeddable":true,"href":"https:\/\/gyorgyradnai.eu\/wp-json\/wp\/v2\/categories?post=8679"},{"taxonomy":"post_tag","embeddable":true,"href":"https:\/\/gyorgyradnai.eu\/wp-json\/wp\/v2\/tags?post=8679"}],"curies":[{"name":"wp","href":"https:\/\/api.w.org\/{rel}","templated":true}]}}