{"id":8701,"date":"2024-09-05T20:51:10","date_gmt":"2024-09-05T19:51:10","guid":{"rendered":"https:\/\/gyorgyradnai.eu\/?p=8701"},"modified":"2024-09-05T20:51:11","modified_gmt":"2024-09-05T19:51:11","slug":"tudd-hogy-szeretnek","status":"publish","type":"post","link":"https:\/\/gyorgyradnai.eu\/tudd-hogy-szeretnek\/","title":{"rendered":"\u201eTUDD, HOGY SZERETNEK\u201d"},"content":{"rendered":"\n<p>N\u00e9zem a filmet.<\/p>\n<p>A befejezetlen-befejeztethetetlen sorozatot.<\/p>\n<p>Az egyik oldalon \u00e9lni akar\u00f3 egyszer\u0171 emberek, melegek, zsid\u00f3k, menek\u00fcltek, nyomorg\u00f3k vannak.<\/p>\n<p>Mindannyian szeretetre v\u00e1gynak.<\/p>\n<p>Csak arra, a kis \u201esemmis\u00e9g\u201d-re.<\/p>\n<p>Arra a pillanatra.<\/p>\n<p>A m\u00e1sik oldalon az \u201earctalan, megfoghatatlan, minden h\u00e1jjal megkent, hazug \u00e9s korrupt\u201d<\/p>\n<p>hatalom.<\/p>\n<p>\u201eTudd, hogy szeretnek\u201d \u2013 simogat a hang, a szlogen, a jelsz\u00f3 mindenhonnan az arcodba.<\/p>\n<p>Fr\u00f6ccsen a k\u00e9pedbe.<\/p>\n<p>\u00a0<\/p>\n<p>N\u00e9zem a filmet.<\/p>\n<p>Az egyoldal\u00fa k\u00fczdelmet.<\/p>\n<p>1890-ben, 1941-ben, 2023-ban \u00e9s 2053-ban is.<\/p>\n<p>Mindig ugyan\u00fagy-ugyanaz t\u00f6rt\u00e9nik\u2026<\/p>\n<p>\u00a0<\/p>\n<p>Azt\u00e1n a notebookom k\u00e9perny\u0151j\u00e9n f\u00f6lvillannak a magyar h\u00edrek.<\/p>\n<p>T\u00fcntet\u00e9s Don\u00e1th Anna meggyan\u00fas\u00edt\u00e1sa-rabos\u00edt\u00e1sa ellen.<\/p>\n<p>T\u00fcntet\u00e9s az iskola-igazgat\u00f3 kir\u00fag\u00e1sa ellen.<\/p>\n<p>Koncert Iv\u00e1nyi megsz\u00fcntetend\u0151 iskol\u00e1i mellett.<\/p>\n<p>Moraj\u2026<\/p>\n<p>\u00a0<\/p>\n<p>De te \u201eTudd, hogy szeretnek\u201d.<\/p>\n<p>Minden a legnagyobb rendben: vesz\u00e9lyhelyzet ide-oda, de a horv\u00e1t tengerparton nyaralnak-f\u00fcrdenek-csacsognak-vitorl\u00e1zgatnak a magyar korm\u00e1ny tagjai; magyar milli\u00e1rdosok foci-meccsekre r\u00f6pd\u00f6snek korm\u00e1nyzati rep\u00fcl\u0151k\u00f6n; neked persze, aki betegen a k\u00f3rh\u00e1zba k\u00e9nyszer\u00fclsz csak n\u00e9h\u00e1ny l\u00e9gkondi nem megy; csak orvos-\u00e1pol\u00f3-pedag\u00f3gus nincs elegend\u0151; csak a csal\u00e1di p\u00f3tl\u00e9k nem v\u00e1ltozik m\u00e1r id\u0151tlen id\u0151k \u00f3ta; hogyan is mondta Hofi: csak a \u201ekorrupci\u00f3 az, amib\u0151l mi kimaradunk\u201d.<\/p>\n<p>Helyette viszont megkapod: \u201etudd, hogy szeretnek\u201d \u2026<\/p>\n<p>\u00a0<\/p>\n<p>N\u00e9zem a filmet.<\/p>\n<p>A befejezetlen-befejeztethetetlen sorozatot.<\/p>\n<p>Az egyik oldalon \u00e9lni akar\u00f3 egyszer\u0171 emberek, melegek, zsid\u00f3k, menek\u00fcltek, nyomorg\u00f3k vannak.<\/p>\n<p>Mindannyian szeretetre v\u00e1gynak.<\/p>\n<p>Csak arra, a kis \u201esemmis\u00e9g\u201d-re.<\/p>\n<p>Arra a pillanatra.<\/p>\n<p>A m\u00e1sik oldalon az \u201earctalan, megfoghatatlan, minden h\u00e1jjal megkent, hazug \u00e9s korrupt\u201d<\/p>\n<p>hatalom.<\/p>\n<p>\u201eTudd, hogy szeretnek\u201d \u2013 simogat a hang, a szlogen, a jelsz\u00f3 mindenhonnan az arcodba.<\/p>\n<p>Fr\u00f6ccsen a k\u00e9pedbe\u2026<\/p>\n<p>\u00a0<\/p>\n<ol start=\"2024\">\n<li>09. 05. cs\u00fct\u00f6rt\u00f6k<\/li>\n<\/ol>\n<p>(K\u00e9p: kisfaludyerika pinterest)<\/p>\n","protected":false},"excerpt":{"rendered":"<p>N\u00e9zem a filmet. A befejezetlen-befejeztethetetlen sorozatot. Az egyik oldalon \u00e9lni akar\u00f3 egyszer\u0171 emberek, melegek, zsid\u00f3k, menek\u00fcltek, nyomorg\u00f3k vannak. Mindannyian szeretetre v\u00e1gynak. Csak arra, a kis \u201esemmis\u00e9g\u201d-re. Arra a pillanatra. A m\u00e1sik oldalon az \u201earctalan, megfoghatatlan, minden h\u00e1jjal megkent, hazug \u00e9s korrupt\u201d hatalom. \u201eTudd, hogy szeretnek\u201d \u2013 simogat a hang, a szlogen, a jelsz\u00f3 mindenhonnan az [&hellip;]<\/p>\n","protected":false},"author":1,"featured_media":8702,"comment_status":"open","ping_status":"open","sticky":false,"template":"","format":"standard","meta":{"footnotes":""},"categories":[2],"tags":[462],"class_list":["post-8701","post","type-post","status-publish","format-standard","has-post-thumbnail","hentry","category-bejegyzes","tag-zsarnok"],"_links":{"self":[{"href":"https:\/\/gyorgyradnai.eu\/wp-json\/wp\/v2\/posts\/8701","targetHints":{"allow":["GET"]}}],"collection":[{"href":"https:\/\/gyorgyradnai.eu\/wp-json\/wp\/v2\/posts"}],"about":[{"href":"https:\/\/gyorgyradnai.eu\/wp-json\/wp\/v2\/types\/post"}],"author":[{"embeddable":true,"href":"https:\/\/gyorgyradnai.eu\/wp-json\/wp\/v2\/users\/1"}],"replies":[{"embeddable":true,"href":"https:\/\/gyorgyradnai.eu\/wp-json\/wp\/v2\/comments?post=8701"}],"version-history":[{"count":1,"href":"https:\/\/gyorgyradnai.eu\/wp-json\/wp\/v2\/posts\/8701\/revisions"}],"predecessor-version":[{"id":8703,"href":"https:\/\/gyorgyradnai.eu\/wp-json\/wp\/v2\/posts\/8701\/revisions\/8703"}],"wp:featuredmedia":[{"embeddable":true,"href":"https:\/\/gyorgyradnai.eu\/wp-json\/wp\/v2\/media\/8702"}],"wp:attachment":[{"href":"https:\/\/gyorgyradnai.eu\/wp-json\/wp\/v2\/media?parent=8701"}],"wp:term":[{"taxonomy":"category","embeddable":true,"href":"https:\/\/gyorgyradnai.eu\/wp-json\/wp\/v2\/categories?post=8701"},{"taxonomy":"post_tag","embeddable":true,"href":"https:\/\/gyorgyradnai.eu\/wp-json\/wp\/v2\/tags?post=8701"}],"curies":[{"name":"wp","href":"https:\/\/api.w.org\/{rel}","templated":true}]}}