{"id":8750,"date":"2024-11-17T20:17:04","date_gmt":"2024-11-17T19:17:04","guid":{"rendered":"https:\/\/gyorgyradnai.eu\/?p=8750"},"modified":"2024-11-17T20:17:04","modified_gmt":"2024-11-17T19:17:04","slug":"level-fele-a-75-eves-magamhoz","status":"publish","type":"post","link":"https:\/\/gyorgyradnai.eu\/level-fele-a-75-eves-magamhoz\/","title":{"rendered":"LEV\u00c9L-F\u00c9LE A 75 \u00c9VES MAGAMHOZ"},"content":{"rendered":"\n<p>(<em>Huszonn\u00e9gy \u00e9vvel ezel\u0151tt levelet \u00edrtam a Pap\u00e1nak, aki akkor lett nyolcvan \u00e9ves; Szentendr\u00e9n, egy kis boroz\u00f3ban \u2013 sz\u00fak csal\u00e1di k\u00f6rben \u2013 \u00fcnnepelt\u00fck \u0150t, ott olvastam f\u00f6l az eml\u00e9kez\u0151-visszatekintget\u0151 k\u00f6sz\u00f6nt\u0151met, \u0150 m\u00e1r alig hallott bel\u0151le valamit, de akkor is, ott is, rend\u00fcletlen\u00fcl bujk\u00e1lt a mosoly az arc\u00e1n; D\u00e9di, Mama n\u00e9ha-n\u00e9ha k\u00f6nnyezve, az unok\u00e1k kipirult arccal hallgatt\u00e1k akkor, a pinc\u00e9rek abbahagyt\u00e1k a f\u00f6lszolg\u00e1l\u00e1st, meg\u00e1lltak egy pillanatra, hallgatt\u00e1k \u0151k is a f\u00f6lolvas\u00e1somat a Papa megsz\u00fclet\u00e9s\u00e9r\u0151l-gyerekkor\u00e1r\u00f3l, a trianoni b\u00e9k\u00e9r\u0151l, ami \u00e9ppen akkoriban k\u00f6ttetett, Lindbergh rep\u00fcl\u00e9s\u00e9r\u0151l, az alakul\u00f3-ijeszt\u0151-f\u00f6lgyorsul\u00f3 huszadik sz\u00e1zadr\u00f3l \u2026<\/em>)<\/p>\n<p>\u00a0<\/p>\n<p>H\u00e1t ezt is meg\u00e9lted.<\/p>\n<p>Hogy vagy most, hogy \u00e9rzed magad, meg\u00f6regedt\u00e9l?<\/p>\n<p>M\u00e1r nem akarsz olimpiai bajnok lenni?<\/p>\n<p>Viszont most is m\u00e9g meg akarod v\u00e1ltani a vil\u00e1got, ugye?!<\/p>\n<p>Hisz m\u00e9g nem vagy \u201enyolcvanas\u201d, b\u00e1r m\u00e1ra m\u00e1r \u201ePapus-Papa\u201d lett\u00e9l (ugyan\u00fagy): egyre gyeng\u00fcl\u0151 hall\u00e1ssal, g\u00f6rnyed\u0151 testtart\u00e1ssal, lassul\u00f3 j\u00e1r\u00e1ssal, m\u00e9gis szeml\u00e9l\u0151d\u00e9ssel, (tal\u00e1n) m\u00e9g kritikuss\u00e1ggal, duzzog\u00f3 el\u00e9gedetlenked\u00e9sekkel.<\/p>\n<p>\u00a0<\/p>\n<p>\u00c9s persze biztosan sokat gondolsz a \u201esoha el nem m\u00fal\u00f3\u201d eml\u00e9keidre, az eg\u00e9sz \u00e9letedre kihat\u00f3-meghat\u00e1roz\u00f3 esem\u00e9nyekre: a \u201enagy dolog a gyerekkor\u201d-ra a K\u00e9kgoly\u00f3 utc\u00e1ban; az Egri Csillagok, A P\u00e1l utcai fi\u00fak diavet\u00edt\u00e9seire; ugyanott, Bud\u00e1n az els\u0151 f\u00f6ldreng\u00e9s ijeszt\u0151 f\u00fcgg\u00f6nyr\u00e1ng\u00e1saira, robaj\u00e1ra, majd nem sokkal k\u00e9s\u0151bb egy m\u00e1sik \u201ef\u00f6ldreng\u00e9s\u201d alatt a pince hom\u00e1ly\u00e1ra, a balj\u00f3slat\u00fa orosz tank \u00e1gy\u00fa-d\u00f6rej\u00e9re; az els\u0151 tornacip\u0151s vereked\u00e9sedre (mert hazafel\u00e9 a Csaba utcai \u00e1ltal\u00e1nos iskola els\u0151 oszt\u00e1ly\u00e1b\u00f3l \u201ea munk\u00e1soszt\u00e1lyt\u201d m\u00e9gis csak meg kellett v\u00e9dened); azt\u00e1n m\u00e1r itt is van a s\u00edr\u00f3s eml\u00e9ked, ahogy az egyik \u00e9jszaka kim\u00e9sz a gyerek-szob\u00e1b\u00f3l, apu-anyu k\u00f6z\u00e9 fekszel \u00e9s s\u00edrva kiab\u00e1lod, hogy \u201eti nem halhattok meg, majd, ha nagy leszek, kital\u00e1lok valamit\u2026\u201d \u2013 persze nem tal\u00e1lt\u00e1l ki semmit se, becsaptad \u0151ket is, magadat is (h\u00e1nyszor is csapt\u00e1l be \u00e9letedben valakit?).<\/p>\n<p>Ugye neked is egyre hom\u00e1lyosabbak (viszont megsz\u00e9p\u00fcltebbek) az eml\u00e9k-foszl\u00e1nyaid, amib\u0151l lett\u00e9l, amib\u0151l most (is) \u00e9p\u00edtkezel: a Feneketlen t\u00f3 melletti s\u00e9t\u00e1k hazafel\u00e9, a gimn\u00e1ziumi \u00f3r\u00e1k, tan\u00e1rn\u0151id-tan\u00e1raid tan\u00edt\u00e1sai, \u201eintelmei\u201d; azt felid\u00e9zted m\u00e1r, amikor Vera n\u00e9ni, a magyar tan\u00e1rn\u0151d besz\u00e9lget veletek a forradalm\u00e1r Pet\u0151fi melank\u00f3li\u00e1j\u00e1r\u00f3l, letargi\u00e1j\u00e1r\u00f3l, pedig akkoriban ilyenr\u0151l besz\u00e9lgetni-tan\u00edtani nem volt \u201eildomos\u201d, pl\u00e1ne nem a gimiben!; h\u00e1t arra eml\u00e9kszel, hogy \u201eterm\u00e9szetesen\u201d a gyepl\u0151t akartad mindig fogni, mindenkor gy\u0151ztes akart\u00e1l lenni, az orsz\u00e1got akartad vezetni \u2013 persze, hogy eml\u00e9kszel, h\u00e1t arra: \u201ea cs\u00f3kok \u00edze sz\u00e1mban hol m\u00e9z, hol \u00e1fonya\u201d?!<\/p>\n<p>Ugye pereg a film, f\u00f6l-f\u00f6l villannak a (film)kock\u00e1k, azt\u00e1n els\u00f6t\u00e9t\u00fclnek; minden f\u00f6lgyorsul \u2013 \u00e9s hirtelen lelassul\u2026<\/p>\n<p>\u00c9s most itt vagy, most nem te mondod a k\u00f6sz\u00f6nt\u0151t, nem te keresed a m\u00e9lt\u00f3, a nem \u201ebepiszkolt\u201d szavakat \u2013 most t\u00e9ged k\u00f6sz\u00f6ntenek.<\/p>\n<p>\u00c9s holnap, holnap mi lesz veled, ugye m\u00e9g mindig \u00e9rdekel (b\u00e1r m\u00e1r a \u201ebajnoki\u201d \u00e1lmoknak oda), izgat a jelen, a j\u00f6v\u0151 \u2013 igen, tudom: \u00edgy vagyok \u00e9n is vele\u2026<\/p>\n<ol start=\"2024\">\n<li>11. 17. vas\u00e1rnap<\/li>\n<\/ol>\n","protected":false},"excerpt":{"rendered":"<p>(Huszonn\u00e9gy \u00e9vvel ezel\u0151tt levelet \u00edrtam a Pap\u00e1nak, aki akkor lett nyolcvan \u00e9ves; Szentendr\u00e9n, egy kis boroz\u00f3ban \u2013 sz\u00fak csal\u00e1di k\u00f6rben \u2013 \u00fcnnepelt\u00fck \u0150t, ott olvastam f\u00f6l az eml\u00e9kez\u0151-visszatekintget\u0151 k\u00f6sz\u00f6nt\u0151met, \u0150 m\u00e1r alig hallott bel\u0151le valamit, de akkor is, ott is, rend\u00fcletlen\u00fcl bujk\u00e1lt a mosoly az arc\u00e1n; D\u00e9di, Mama n\u00e9ha-n\u00e9ha k\u00f6nnyezve, az unok\u00e1k kipirult arccal hallgatt\u00e1k [&hellip;]<\/p>\n","protected":false},"author":1,"featured_media":8751,"comment_status":"open","ping_status":"open","sticky":false,"template":"","format":"standard","meta":{"footnotes":""},"categories":[2],"tags":[887],"class_list":["post-8750","post","type-post","status-publish","format-standard","has-post-thumbnail","hentry","category-bejegyzes","tag-75-eves-lettem"],"_links":{"self":[{"href":"https:\/\/gyorgyradnai.eu\/wp-json\/wp\/v2\/posts\/8750","targetHints":{"allow":["GET"]}}],"collection":[{"href":"https:\/\/gyorgyradnai.eu\/wp-json\/wp\/v2\/posts"}],"about":[{"href":"https:\/\/gyorgyradnai.eu\/wp-json\/wp\/v2\/types\/post"}],"author":[{"embeddable":true,"href":"https:\/\/gyorgyradnai.eu\/wp-json\/wp\/v2\/users\/1"}],"replies":[{"embeddable":true,"href":"https:\/\/gyorgyradnai.eu\/wp-json\/wp\/v2\/comments?post=8750"}],"version-history":[{"count":1,"href":"https:\/\/gyorgyradnai.eu\/wp-json\/wp\/v2\/posts\/8750\/revisions"}],"predecessor-version":[{"id":8752,"href":"https:\/\/gyorgyradnai.eu\/wp-json\/wp\/v2\/posts\/8750\/revisions\/8752"}],"wp:featuredmedia":[{"embeddable":true,"href":"https:\/\/gyorgyradnai.eu\/wp-json\/wp\/v2\/media\/8751"}],"wp:attachment":[{"href":"https:\/\/gyorgyradnai.eu\/wp-json\/wp\/v2\/media?parent=8750"}],"wp:term":[{"taxonomy":"category","embeddable":true,"href":"https:\/\/gyorgyradnai.eu\/wp-json\/wp\/v2\/categories?post=8750"},{"taxonomy":"post_tag","embeddable":true,"href":"https:\/\/gyorgyradnai.eu\/wp-json\/wp\/v2\/tags?post=8750"}],"curies":[{"name":"wp","href":"https:\/\/api.w.org\/{rel}","templated":true}]}}