{"id":8763,"date":"2024-12-21T13:03:06","date_gmt":"2024-12-21T12:03:06","guid":{"rendered":"https:\/\/gyorgyradnai.eu\/?p=8763"},"modified":"2024-12-21T13:03:07","modified_gmt":"2024-12-21T12:03:07","slug":"lujza-es-jeno-42","status":"publish","type":"post","link":"https:\/\/gyorgyradnai.eu\/lujza-es-jeno-42\/","title":{"rendered":"LUJZA \u00c9S JEN\u0150"},"content":{"rendered":"\n<p>(40.)<\/p>\n<p>(ut\u00e1nzat)<\/p>\n<p>\u201e<em>Tal\u00e1n a humor seg\u00edt, mert a helyzet borzalmas\u2026<\/em>\u201d<\/p>\n<p>\u00a0<\/p>\n<ul>\n<li>Jen\u0151, megvetted m\u00e1r a kar\u00e1csonyi aj\u00e1nd\u00e9kokat?<\/li>\n<li>Persze, hogy meg, nem hagyom a v\u00e1s\u00e1rl\u00e1st az utols\u00f3 napokra\u2026<\/li>\n<li>K\u00e1r, annyi j\u00f3 \u00f6tletem lett volna, mit vegy\u00e9l nekem.<\/li>\n<li>Annyi p\u00e9nzem \u00fagy sem lett volna\u2026<\/li>\n<li>Jen\u0151, most panaszkodsz, hogy kicsi a nyugd\u00edjad?<\/li>\n<li>Annyi-amennyi. Ez van, Lujza, ennyib\u0151l kell kij\u00f6nn\u00fcnk \u00e9s k\u00e9sz, majd kij\u00f6v\u00fcnk \u00e9s \u00edgy \u00fcnnepelj\u00fck majd J\u00e9zuska sz\u00fclet\u00e9s\u00e9t.<\/li>\n<li>J\u00f3l van na, nem az\u00e9rt mondtam, k\u00fcl\u00f6nben is, nem is akartam volna olyan dr\u00e1ga dolgokat kapni, ma m\u00e1r nem divat a \u201ef\u00fclbeval\u00f3\u201d sem\u2026<\/li>\n<li>Lujza, most mi\u00e9rt kezdesz el megint politiz\u00e1lni?<\/li>\n<li>Nem kezdek, de az unok\u00e1knak kellene egy \u00faj kisvasutat venn\u00fcnk, f\u00f6l k\u00e9ne \u00faj\u00edttatnunk a kerti tavukat is, meg \u2026<\/li>\n<li>Lujza, hagyd m\u00e1r abba, erre az isten p\u00e9nze se lenne el\u00e9g!<\/li>\n<li>Nem? Nem hallottad? Most mondta az Orb\u00e1n minisztereln\u00f6k \u00far, hogy a \u201e2025-\u00f6s \u00e9v\u201d nagyszer\u0171 lesz!<\/li>\n<li>Nem azt mondta, hogy <strong>NEK\u00dcNK<\/strong>, Lujza\u2026<\/li>\n<li>Nem? Pedig azt hittem, hogy ilyenkor, kar\u00e1csony t\u00e1j\u00e1n, az\u00e9rt sz\u00f3lt, mert HOZZ\u00c1NK sz\u00f3lt, az \u00daR hangj\u00e1n.<\/li>\n<li>Na most m\u00e1r t\u00e9nyleg el\u00e9g, az Orb\u00e1n Viktor nem az az \u00daR!<\/li>\n<li>Pedig azt hittem, mert nemr\u00e9g j\u00f6tt ki a templomb\u00f3l\u2026<\/li>\n<li>Lujza!<\/li>\n<li>Ne kiab\u00e1lj velem, Jen\u0151, itt \u00e1llok melletted, f\u0151z\u00f6m a cs\u00fclk\u00f6s bablevest, mert azt szeretsz, k\u00fcl\u00f6nben sem \u201evitatkozom veled\u201d, ahogyan nem vitatkozik a Viktor sem azzal a br\u00fcsszelita Magyar P\u00e9terrel.<\/li>\n<li>Nem vitatkozik \u0151 senkivel m\u00e1r t\u00f6bb, mint egy \u00e9vtizede, megvan ennek a b\u00f6jtje\u2026<\/li>\n<li>Jen\u0151, ne b\u00f6jt\u00f6lj\u00fcnk tov\u00e1bb, ink\u00e1bb legal\u00e1bb mi vitatkozzunk!<\/li>\n<li>Hagyd abba, Lujza!<\/li>\n<li>Ez m\u00e1r a vitatkoz\u00e1sunk, Jen\u0151? Akkor \u2013 kar\u00e1csony ide, kar\u00e1csony oda \u2013 ink\u00e1bb nem hagyom abba\u2026<\/li>\n<li>Jen\u0151, te az \u00e9n \u201eellenz\u00e9kem\u201d vagy \u00e9ppen?<\/li>\n<li>Mi vagyok \u00e9n, miket fecsegsz itt nekem \u00f6ssze-vissza???<\/li>\n<li>J\u00f3l van, akkor ink\u00e1bb \u201ekorm\u00e1nyzok\u201d, \u201enem dolgom\u201d, hogy a \u2026<\/li>\n<li>Hagyd m\u00e1r abba, kar\u00e1csony j\u00f6n, te m\u00e1r mindent megvett\u00e9l, amit akart\u00e1l?<\/li>\n<li>Persze, hogy megvettem, mit gondolsz, minden az \u00e9n gondom, alig l\u00e1tszom ki a munk\u00e1b\u00f3l, \u00e9s te m\u00e9gsem emeled a minim\u00e1lb\u00e9remet, se a seg\u00e9lyemet, az eg\u00e9szs\u00e9g\u00fcgyemmel sem t\u00f6r\u0151dsz, csak az a fotel, a TV meg a s\u00f6r.<\/li>\n<li>M\u00e1r csak te\u00e1zom, Lujza\u2026<\/li>\n<li>Na v\u00e9gre, akkor kapsz m\u00e9g egy doboz Earl Grey fekete sz\u00e1las te\u00e1t egy kg kiszerel\u00e9sben, de ugye te m\u00e1r megvetted a kar\u00e1csonyi aj\u00e1nd\u00e9kokat\u2026<\/li>\n<\/ul>\n<ol start=\"2024\">\n<li>12. 21. szombat<\/li>\n<\/ol>\n","protected":false},"excerpt":{"rendered":"<p>(40.) (ut\u00e1nzat) \u201eTal\u00e1n a humor seg\u00edt, mert a helyzet borzalmas\u2026\u201d \u00a0 Jen\u0151, megvetted m\u00e1r a kar\u00e1csonyi aj\u00e1nd\u00e9kokat? Persze, hogy meg, nem hagyom a v\u00e1s\u00e1rl\u00e1st az utols\u00f3 napokra\u2026 K\u00e1r, annyi j\u00f3 \u00f6tletem lett volna, mit vegy\u00e9l nekem. Annyi p\u00e9nzem \u00fagy sem lett volna\u2026 Jen\u0151, most panaszkodsz, hogy kicsi a nyugd\u00edjad? Annyi-amennyi. Ez van, Lujza, ennyib\u0151l kell [&hellip;]<\/p>\n","protected":false},"author":1,"featured_media":8764,"comment_status":"open","ping_status":"open","sticky":false,"template":"","format":"standard","meta":{"footnotes":""},"categories":[2],"tags":[535],"class_list":["post-8763","post","type-post","status-publish","format-standard","has-post-thumbnail","hentry","category-bejegyzes","tag-lujza-es-jeno"],"_links":{"self":[{"href":"https:\/\/gyorgyradnai.eu\/wp-json\/wp\/v2\/posts\/8763","targetHints":{"allow":["GET"]}}],"collection":[{"href":"https:\/\/gyorgyradnai.eu\/wp-json\/wp\/v2\/posts"}],"about":[{"href":"https:\/\/gyorgyradnai.eu\/wp-json\/wp\/v2\/types\/post"}],"author":[{"embeddable":true,"href":"https:\/\/gyorgyradnai.eu\/wp-json\/wp\/v2\/users\/1"}],"replies":[{"embeddable":true,"href":"https:\/\/gyorgyradnai.eu\/wp-json\/wp\/v2\/comments?post=8763"}],"version-history":[{"count":1,"href":"https:\/\/gyorgyradnai.eu\/wp-json\/wp\/v2\/posts\/8763\/revisions"}],"predecessor-version":[{"id":8765,"href":"https:\/\/gyorgyradnai.eu\/wp-json\/wp\/v2\/posts\/8763\/revisions\/8765"}],"wp:featuredmedia":[{"embeddable":true,"href":"https:\/\/gyorgyradnai.eu\/wp-json\/wp\/v2\/media\/8764"}],"wp:attachment":[{"href":"https:\/\/gyorgyradnai.eu\/wp-json\/wp\/v2\/media?parent=8763"}],"wp:term":[{"taxonomy":"category","embeddable":true,"href":"https:\/\/gyorgyradnai.eu\/wp-json\/wp\/v2\/categories?post=8763"},{"taxonomy":"post_tag","embeddable":true,"href":"https:\/\/gyorgyradnai.eu\/wp-json\/wp\/v2\/tags?post=8763"}],"curies":[{"name":"wp","href":"https:\/\/api.w.org\/{rel}","templated":true}]}}