{"id":8779,"date":"2025-01-01T18:50:07","date_gmt":"2025-01-01T17:50:07","guid":{"rendered":"https:\/\/gyorgyradnai.eu\/?p=8779"},"modified":"2025-01-01T18:50:08","modified_gmt":"2025-01-01T17:50:08","slug":"zajosan-zurosen-indul-az-ev-gyongy-szorassal","status":"publish","type":"post","link":"https:\/\/gyorgyradnai.eu\/zajosan-zurosen-indul-az-ev-gyongy-szorassal\/","title":{"rendered":"ZAJOSAN-Z\u0170R\u00d6SEN INDUL AZ \u00c9V: \u201eGY\u00d6NGY-SZ\u00d3R\u00c1SSAL\u201d!"},"content":{"rendered":"\n<p>\u201eMit szeretn\u00e9l legink\u00e1bb az \u00faj esztend\u0151ben, mit v\u00e1rsz a 2025. \u00e9vt\u0151l\u201d \u2013 k\u00e9rdezgett\u00e9k mindenfel\u00e9 tavaly az utols\u00f3 \u00f3r\u00e1kban-percekben szerte a vil\u00e1gban \u00e9s persze itthon, Magyarorsz\u00e1gon: Budapesten \u00e9s Pom\u00e1zon is.<\/p>\n<p>\u00a0<\/p>\n<ol>\n<li>\u201e<strong>Az Embernek sz\u00f3rni a gy\u00f6ngy\u00f6t<\/strong>\u201d \u2013 v\u00e1laszolta-k\u00f6sz\u00f6nt\u00f6tte az \u00faj \u00e9vet <em>Veres Andr\u00e1s<\/em> p\u00fcsp\u00f6k \u00e9s sz\u00f3rta-gur\u00edtotta \u0151 is tov\u00e1bb: \u201eLegyen (plusz vil\u00e1g)b\u00e9ke!\u201d probl\u00e9m\u00e1ir\u00f3l; az egyh\u00e1zakat \u2013 a papok \u00e1ltal elk\u00f6vetett szexu\u00e1lis \u00e9s pedofil b\u00e1ntalmaz\u00e1sok miatt \u2013 \u00e9rt t\u00e1mad\u00e1sokat viszont t\u00falz\u00f3nak \u00e9s tudatosnak tartotta, mert azok megzavarj\u00e1k-elt\u00e9r\u00edthetik a gy\u00f6ngy\u00f6ket gur\u00edt\u00f3 kezeket\u2026<\/li>\n<\/ol>\n<p>\u00a0<\/p>\n<ol start=\"2\">\n<li>\u201e<strong>Megv\u00e9dj\u00fck Magyarorsz\u00e1got a magyarok orsz\u00e1g\u00e1nak<\/strong>\u201d \u2013 mondta el oldal\u00e1n <em>Vit\u00e1lyos Eszter<\/em> korm\u00e1nysz\u00f3viv\u0151 \u00e9s \u0151 is sz\u00f3rta-gur\u00edtotta gy\u00f6ngyeit: \u201eHozza el a (plusz vil\u00e1g)b\u00e9k\u00e9t \u00e9s a biztons\u00e1got\u201d \u00e9s \u00edg\u00e9ret-cunamit l\u00f6ttyentett a n\u00e9z\u0151k-hallgat\u00f3k pohar\u00e1ba.<\/li>\n<\/ol>\n<p>\u00a0<\/p>\n<ol start=\"3\">\n<li>\u201e<strong>Megtal\u00e1llak m\u00e9g (Kicsi)<\/strong>\u201d \u2013 \u00fczente sz\u00f3zat\u00e1ban <em>Menczer Tam\u00e1s<\/em> \u201eBr\u00fcsszel P\u00e9ternek, pszichopetinek, a Kicsinek illetve Varg\u00e1n\u00e9nak\u201d, viszont az \u0151 gy\u00f6ngyei k\u00f6zvetlen\u00fcl a latrin\u00e1ban landoltak \u00e9s robbantak-romboltak-sz\u00e9tfr\u00f6ccsentek mindenfel\u00e9.<\/li>\n<\/ol>\n<p>\u00a0<\/p>\n<ol start=\"4\">\n<li>\u201e<strong>Minisztereln\u00f6k \u00far<\/strong>, tisztelet n\u00e9lk\u00fcl nincs tisztess\u00e9ges orsz\u00e1g, ez\u00e9rt \u00e9n nem azt mondom mag\u00e1nak, hogy \u00bbv\u00e9ge van, kicsi\u00ab, hanem <strong>hat\u00e1rozottan felsz\u00f3l\u00edtom<\/strong>, hogy legyen b\u00e1tor, n\u00e9zzen szembe a magyarokkal, \u00e9s <strong>legyen \u00faj v\u00e1laszt\u00e1s<\/strong>!\u201d \u2013 \u00fczente <em>Magyar P\u00e9ter<\/em> \u00faj\u00e9vi k\u00f6sz\u00f6nt\u0151j\u00e9ben Orb\u00e1n Viktornak, akinek gy\u00f6ngysz\u00f3r\u00e1s\u00e1t mostan\u00e1ig egymilli\u00f3an n\u00e9zt\u00e9k meg, k\u00f6zt\u00fck a Korm\u00e1nyzati T\u00e1j\u00e9koztat\u00e1si K\u00f6zpont munkat\u00e1rsai is, akiknek a gy\u00f6ngyei szerint \u201e\u201eSzemben egyes nyugat-eur\u00f3pai orsz\u00e1gokkal, Magyarorsz\u00e1gon politikai stabilit\u00e1s van. A k\u00f6vetkez\u0151 orsz\u00e1ggy\u0171l\u00e9si v\u00e1laszt\u00e1sok 2026-ban lesznek, minden ezzel ellent\u00e9tes h\u00edresztel\u00e9s csup\u00e1n \u00f3cska politikai hecckamp\u00e1ny\u201d. Mindek\u00f6zben <em>Kov\u00e1cs Gergely<\/em> polg\u00e1rmester (Kutyap\u00e1rt), a Facebook oldal\u00e1n meg\u00edrta: a parlamentnek m\u00e1r beny\u00fajtott \u00edrom\u00e1ny szerint \u201ea 2025-\u00f6s k\u00f6lts\u00e9gvet\u00e9sbe betervezett a korm\u00e1ny 8.4 milli\u00e1rd forintot orsz\u00e1ggy\u0171l\u00e9si v\u00e1laszt\u00e1sokra\u201d (v\u00e1laszt\u00e1si nyomtatv\u00e1nyokra, vagyis szavaz\u00f3lapok elk\u00e9sz\u00edt\u00e9s\u00e9re vagy \u00e9ppen a postai \u00e9rtes\u00edt\u0151k k\u00f6lts\u00e9geire).<\/li>\n<\/ol>\n<p>\u00a0<\/p>\n<p>Hogyan is \u00edrta Erd\u0151s Vir\u00e1g:<\/p>\n<p>\u201ena most akkor mondj\u00e1tok meg nagyokosok mi legyen<\/p>\n<p>ki ne legyen mik\u00f6z\u00fcl\u00fcnk maholnap \u00e9s ki legyen..\u201d<\/p>\n<p>\u00a0<\/p>\n<ol start=\"2025\">\n<li>01. 01. szerda<\/li>\n<\/ol>\n","protected":false},"excerpt":{"rendered":"<p>\u201eMit szeretn\u00e9l legink\u00e1bb az \u00faj esztend\u0151ben, mit v\u00e1rsz a 2025. \u00e9vt\u0151l\u201d \u2013 k\u00e9rdezgett\u00e9k mindenfel\u00e9 tavaly az utols\u00f3 \u00f3r\u00e1kban-percekben szerte a vil\u00e1gban \u00e9s persze itthon, Magyarorsz\u00e1gon: Budapesten \u00e9s Pom\u00e1zon is. \u00a0 \u201eAz Embernek sz\u00f3rni a gy\u00f6ngy\u00f6t\u201d \u2013 v\u00e1laszolta-k\u00f6sz\u00f6nt\u00f6tte az \u00faj \u00e9vet Veres Andr\u00e1s p\u00fcsp\u00f6k \u00e9s sz\u00f3rta-gur\u00edtotta \u0151 is tov\u00e1bb: \u201eLegyen (plusz vil\u00e1g)b\u00e9ke!\u201d probl\u00e9m\u00e1ir\u00f3l; az egyh\u00e1zakat \u2013 [&hellip;]<\/p>\n","protected":false},"author":1,"featured_media":8780,"comment_status":"open","ping_status":"open","sticky":false,"template":"","format":"standard","meta":{"footnotes":""},"categories":[2],"tags":[891],"class_list":["post-8779","post","type-post","status-publish","format-standard","has-post-thumbnail","hentry","category-bejegyzes","tag-ujev"],"_links":{"self":[{"href":"https:\/\/gyorgyradnai.eu\/wp-json\/wp\/v2\/posts\/8779","targetHints":{"allow":["GET"]}}],"collection":[{"href":"https:\/\/gyorgyradnai.eu\/wp-json\/wp\/v2\/posts"}],"about":[{"href":"https:\/\/gyorgyradnai.eu\/wp-json\/wp\/v2\/types\/post"}],"author":[{"embeddable":true,"href":"https:\/\/gyorgyradnai.eu\/wp-json\/wp\/v2\/users\/1"}],"replies":[{"embeddable":true,"href":"https:\/\/gyorgyradnai.eu\/wp-json\/wp\/v2\/comments?post=8779"}],"version-history":[{"count":1,"href":"https:\/\/gyorgyradnai.eu\/wp-json\/wp\/v2\/posts\/8779\/revisions"}],"predecessor-version":[{"id":8781,"href":"https:\/\/gyorgyradnai.eu\/wp-json\/wp\/v2\/posts\/8779\/revisions\/8781"}],"wp:featuredmedia":[{"embeddable":true,"href":"https:\/\/gyorgyradnai.eu\/wp-json\/wp\/v2\/media\/8780"}],"wp:attachment":[{"href":"https:\/\/gyorgyradnai.eu\/wp-json\/wp\/v2\/media?parent=8779"}],"wp:term":[{"taxonomy":"category","embeddable":true,"href":"https:\/\/gyorgyradnai.eu\/wp-json\/wp\/v2\/categories?post=8779"},{"taxonomy":"post_tag","embeddable":true,"href":"https:\/\/gyorgyradnai.eu\/wp-json\/wp\/v2\/tags?post=8779"}],"curies":[{"name":"wp","href":"https:\/\/api.w.org\/{rel}","templated":true}]}}