{"id":8796,"date":"2025-01-07T16:12:46","date_gmt":"2025-01-07T15:12:46","guid":{"rendered":"https:\/\/gyorgyradnai.eu\/?p=8796"},"modified":"2025-01-07T16:12:46","modified_gmt":"2025-01-07T15:12:46","slug":"magyarok","status":"publish","type":"post","link":"https:\/\/gyorgyradnai.eu\/magyarok\/","title":{"rendered":"MAGYAROK"},"content":{"rendered":"\n<p>Az egyik \u201emakkeg\u00e9szs\u00e9ges\u201d \u2013 (k\u00f6zp\u00e9nz) milli\u00f3k\u00e9rt Indi\u00e1ban nyaral.<\/p>\n<p>A m\u00e1sik is, aki \u2013 pedig nem is futsalozik \u00e9s nem a k\u00fcl\u00fcgyminiszter \u2013 k\u00e9t \u00e9v alatt sz\u00e1zharminckett\u0151 (132) milli\u00f3t r\u00f6pk\u00f6d el.<\/p>\n<p>A harmadik \u201eleugrik a 2B Termin\u00e1l gal\u00e9ri\u00e1j\u00e1r\u00f3l\u201d \u00e9s meghal.<\/p>\n<p>\u00a0<\/p>\n<p>Az egyik el\u0151rehozott v\u00e1laszt\u00e1st akar.<\/p>\n<p>A m\u00e1sik is.<\/p>\n<p>A harmadik, \u201eaki kifejezi a nemzet egys\u00e9g\u00e9t\u201d,magyarok pingpongozik az irod\u00e1j\u00e1ban, mik\u00f6zben mag\u00e1ban \u00e9s a Facebookon \u201emormolja\u201d: \u201eT\u00e9rjetek meg, mert elk\u00f6zel\u00edtett a mennyek orsz\u00e1ga!\u201d (M\u00e1t\u00e9 3:2)<\/p>\n<p>\u00a0<\/p>\n<p>Az egyik emigr\u00e1l, \u201ekit\u00e1ntorog\u201d Angli\u00e1ba.<\/p>\n<p>A m\u00e1sik haza j\u00f6n meghalni.<\/p>\n<p>A harmadik fuldokolva-kacagva-n\u00e9m\u00e1n itthon keresi a \u201ehetedik krajc\u00e1rt\u201d\u2026<\/p>\n<p>\u00a0<\/p>\n<ol start=\"2025\">\n<li>01. 07. kedd<\/li>\n<\/ol>\n","protected":false},"excerpt":{"rendered":"<p>Az egyik \u201emakkeg\u00e9szs\u00e9ges\u201d \u2013 (k\u00f6zp\u00e9nz) milli\u00f3k\u00e9rt Indi\u00e1ban nyaral. A m\u00e1sik is, aki \u2013 pedig nem is futsalozik \u00e9s nem a k\u00fcl\u00fcgyminiszter \u2013 k\u00e9t \u00e9v alatt sz\u00e1zharminckett\u0151 (132) milli\u00f3t r\u00f6pk\u00f6d el. A harmadik \u201eleugrik a 2B Termin\u00e1l gal\u00e9ri\u00e1j\u00e1r\u00f3l\u201d \u00e9s meghal. \u00a0 Az egyik el\u0151rehozott v\u00e1laszt\u00e1st akar. A m\u00e1sik is. A harmadik, \u201eaki kifejezi a nemzet egys\u00e9g\u00e9t\u201d,magyarok [&hellip;]<\/p>\n","protected":false},"author":1,"featured_media":8797,"comment_status":"open","ping_status":"open","sticky":false,"template":"","format":"standard","meta":{"footnotes":""},"categories":[2],"tags":[894],"class_list":["post-8796","post","type-post","status-publish","format-standard","has-post-thumbnail","hentry","category-bejegyzes","tag-magyarok"],"_links":{"self":[{"href":"https:\/\/gyorgyradnai.eu\/wp-json\/wp\/v2\/posts\/8796","targetHints":{"allow":["GET"]}}],"collection":[{"href":"https:\/\/gyorgyradnai.eu\/wp-json\/wp\/v2\/posts"}],"about":[{"href":"https:\/\/gyorgyradnai.eu\/wp-json\/wp\/v2\/types\/post"}],"author":[{"embeddable":true,"href":"https:\/\/gyorgyradnai.eu\/wp-json\/wp\/v2\/users\/1"}],"replies":[{"embeddable":true,"href":"https:\/\/gyorgyradnai.eu\/wp-json\/wp\/v2\/comments?post=8796"}],"version-history":[{"count":1,"href":"https:\/\/gyorgyradnai.eu\/wp-json\/wp\/v2\/posts\/8796\/revisions"}],"predecessor-version":[{"id":8798,"href":"https:\/\/gyorgyradnai.eu\/wp-json\/wp\/v2\/posts\/8796\/revisions\/8798"}],"wp:featuredmedia":[{"embeddable":true,"href":"https:\/\/gyorgyradnai.eu\/wp-json\/wp\/v2\/media\/8797"}],"wp:attachment":[{"href":"https:\/\/gyorgyradnai.eu\/wp-json\/wp\/v2\/media?parent=8796"}],"wp:term":[{"taxonomy":"category","embeddable":true,"href":"https:\/\/gyorgyradnai.eu\/wp-json\/wp\/v2\/categories?post=8796"},{"taxonomy":"post_tag","embeddable":true,"href":"https:\/\/gyorgyradnai.eu\/wp-json\/wp\/v2\/tags?post=8796"}],"curies":[{"name":"wp","href":"https:\/\/api.w.org\/{rel}","templated":true}]}}