{"id":8811,"date":"2025-01-12T11:12:00","date_gmt":"2025-01-12T10:12:00","guid":{"rendered":"https:\/\/gyorgyradnai.eu\/?p=8811"},"modified":"2025-01-12T11:12:00","modified_gmt":"2025-01-12T10:12:00","slug":"csak-egy-kep-31","status":"publish","type":"post","link":"https:\/\/gyorgyradnai.eu\/csak-egy-kep-31\/","title":{"rendered":"CSAK EGY K\u00c9P (31.)"},"content":{"rendered":"\n<p>(az iskolapadb\u00f3l \u2026)<\/p>\n<p>\u00a0<\/p>\n<p>Ak\u00e1r \u00e9n is lehetn\u00e9k.<\/p>\n<p>Ott jobbr\u00f3l.<\/p>\n<p>De nem, 1962-ben \u00e9n m\u00e1r \u2019\u00f6regebb\u201d voltam.<\/p>\n<p>Te lehetn\u00e9l?<\/p>\n<p>\u00a0<\/p>\n<p>N\u00e9zem a k\u00e9pet.<\/p>\n<p>A tan\u00edt\u00f3 n\u00e9ni is ott van.<\/p>\n<p>Nem l\u00e1tod?<\/p>\n<p>De, t\u00e9nyleg ott van.<\/p>\n<p>Mindenki \u0151t n\u00e9zi-hallgatja.<\/p>\n<p>T\u00e1gra ny\u00edlt szemekkel!<\/p>\n<p>Im\u00e1dattal.<\/p>\n<p>Lesik-issz\u00e1k a szavait-k\u00e9rd\u00e9seit.<\/p>\n<p>N\u00e9zd csak a harmadik sorban \u00fcl\u0151 kisfi\u00fat, l\u00e1tod a szem\u00e9ben a TAN\u00cdT\u00d3 N\u00c9NIT?!<\/p>\n<p>Vagy az els\u0151ben, a dundibbat (mellettem), a kant\u00e1ros naciban, ugye-ugye?!<\/p>\n<p>Tanulnak, csak tanulnak.<\/p>\n<p>\u00a0<\/p>\n<p>N\u00e9zem a k\u00e9pet.<\/p>\n<p>Ami ak\u00e1r a Csaba utcai iskol\u00e1ban is k\u00e9sz\u00fclhetett volna.<\/p>\n<p>Nini: csak nem \u00e9n vagyok az a kisfi\u00fa az els\u0151 padban?<\/p>\n<p>Nem hiszem.<\/p>\n<p>Akkor m\u00e1r nem a Csaba utcai \u00e1ltal\u00e1nosba j\u00e1rtam.<\/p>\n<p>Ott, a V\u00e1rosmajor utca k\u00f6ny\u00e9k\u00e9n.<\/p>\n<p>Tudod, ott, ahol az \u201eOrgia\u201d is \u201ej\u00e1tsz\u00f3dott\u201d.<\/p>\n<p>Mit nem zagyv\u00e1lok \u00f6ssze!<\/p>\n<p>Akkor m\u00e9g nem is olvastam Zolt\u00e1n G\u00e1bor k\u00f6nyv\u00e9t, nem ismertem a \u201et\u00f6rt\u00e9netet\u201d.<\/p>\n<p>Ap\u00e1m\u00e9t sem.<\/p>\n<p>\u201eNem okos dolog ennyire \u0151szint\u00e9nek lenni\u2026\u201d \u2013 de m\u00e1sk\u00e9pp \u00e9rdemes?!<\/p>\n<p>\u00a0<\/p>\n<p>N\u00e9zem a k\u00e9pet.<\/p>\n<p>El\u00f6nt a melegs\u00e9g.<\/p>\n<p>Pedig kinn hideg sz\u00e9l f\u00fa\u2019.<\/p>\n<p>T\u00e9l van, m\u00e9gsem olyan \u201962-es t\u00e9l.<\/p>\n<p>Ma olyan huszonegyedik sz\u00e1zadi: se ilyen, se olyan.<\/p>\n<p>Persze, \u201eneked semmisem j\u00f3\u201d.<br \/>Mi\u00e9rt van ez, mi\u00e9rt lett ez \u00edgy?<\/p>\n<p>Ja, m\u00e1r nem \u201ekant\u00e1ros-nadr\u00e1gban\u201d j\u00e1rsz\u2026<\/p>\n<p>\u00a0<\/p>\n<p>N\u00e9zem a k\u00e9pet.<\/p>\n<p>Az \u00e1rtatlan tekinteteket.<\/p>\n<p>Ezerkilencsz\u00e1z-hatvankett\u0151b\u0151l.<\/p>\n<p>Tal\u00e1n tavasz, vagy tal\u00e1n \u0151sz lehetett.<\/p>\n<p>A fogasokon kab\u00e1tok, sapk\u00e1k l\u00f3gnak.<\/p>\n<p>M\u00e1r\/m\u00e9g nem t\u00e9l.<\/p>\n<p>M\u00e9gis melegen \u00f6lt\u00f6zve.<\/p>\n<p>Tud\u00e1sra \u00e9hesen\u2026<\/p>\n<p>\u00a0<\/p>\n<p>N\u00e9zem a k\u00e9pet.<\/p>\n<p>A pul\u00f3ver ismer\u0151s.<\/p>\n<p>A nagy gombokkal.<\/p>\n<p>A lecs\u00faszott kant\u00e1r is.<\/p>\n<p>Hisz\u2019 nekem is ilyen ingem volt!<\/p>\n<p>Ilyen h\u00e1tt\u00e1ml\u00e1s iskolapadban \u00fcltem \u00e9n is!<\/p>\n<p>Nek\u00fcnk is \u201elyukas\u201d volt a lejt\u0151s asztalunk!<\/p>\n<p>Mi is ilyen cs\u00f6ndben-figyelve \u00fclt\u00fcnk a padban?<\/p>\n<p>De ez a cs\u00f6nd, nem f\u00e9lelemb\u0151l fakad\u2026<\/p>\n<p>\u00a0<\/p>\n<p>N\u00e9zem a k\u00e9pet.<\/p>\n<p>A nebul\u00f3kat.<\/p>\n<p>Akik r\u00e1csod\u00e1lkoznak a vil\u00e1gra.<\/p>\n<p>Issz\u00e1k-sz\u00edvj\u00e1k a tud\u00e1st.<\/p>\n<p>\u00d6v\u00e9k volt a j\u00f6v\u0151!<\/p>\n<p>\u00d6v\u00e9k is lett?!<\/p>\n<p>Akik m\u00e1ra m\u00e1r hetvenesek.<\/p>\n<p>Nagypap\u00e1k-nagymam\u00e1k (nini: hisz\u2019 ez egy fi\u00fa-oszt\u00e1ly!) lettek!<\/p>\n<p>Ma m\u00e1r nem \u0151k\/mi n\u00e9znek\/\u00fcnk t\u00e1gra ny\u00edlt szemekkel a vil\u00e1gra, hanem az unok\u00e1i(n)k!<\/p>\n<p>\u00a0<\/p>\n<p>N\u00e9zem a k\u00e9pet.<\/p>\n<p>Te is erre gondolsz?<\/p>\n<p>\u00a0<\/p>\n<p>Ak\u00e1r \u00e9n is lehetn\u00e9k.<\/p>\n<p>Ott jobbr\u00f3l.<\/p>\n<p>De nem, 1962-ben \u00e9n m\u00e1r \u2019\u00f6regebb\u201d voltam.<\/p>\n<p>\u00a0<\/p>\n<ol start=\"2025\">\n<li>01. 12. vas\u00e1rnap<\/li>\n<\/ol>\n<p>(K\u00e9p: Ilona Toth)<\/p>\n","protected":false},"excerpt":{"rendered":"<p>(az iskolapadb\u00f3l \u2026) \u00a0 Ak\u00e1r \u00e9n is lehetn\u00e9k. Ott jobbr\u00f3l. De nem, 1962-ben \u00e9n m\u00e1r \u2019\u00f6regebb\u201d voltam. Te lehetn\u00e9l? \u00a0 N\u00e9zem a k\u00e9pet. A tan\u00edt\u00f3 n\u00e9ni is ott van. Nem l\u00e1tod? De, t\u00e9nyleg ott van. Mindenki \u0151t n\u00e9zi-hallgatja. T\u00e1gra ny\u00edlt szemekkel! Im\u00e1dattal. Lesik-issz\u00e1k a szavait-k\u00e9rd\u00e9seit. N\u00e9zd csak a harmadik sorban \u00fcl\u0151 kisfi\u00fat, l\u00e1tod a szem\u00e9ben [&hellip;]<\/p>\n","protected":false},"author":1,"featured_media":8812,"comment_status":"open","ping_status":"open","sticky":false,"template":"","format":"standard","meta":{"footnotes":""},"categories":[2],"tags":[807],"class_list":["post-8811","post","type-post","status-publish","format-standard","has-post-thumbnail","hentry","category-bejegyzes","tag-kep"],"_links":{"self":[{"href":"https:\/\/gyorgyradnai.eu\/wp-json\/wp\/v2\/posts\/8811","targetHints":{"allow":["GET"]}}],"collection":[{"href":"https:\/\/gyorgyradnai.eu\/wp-json\/wp\/v2\/posts"}],"about":[{"href":"https:\/\/gyorgyradnai.eu\/wp-json\/wp\/v2\/types\/post"}],"author":[{"embeddable":true,"href":"https:\/\/gyorgyradnai.eu\/wp-json\/wp\/v2\/users\/1"}],"replies":[{"embeddable":true,"href":"https:\/\/gyorgyradnai.eu\/wp-json\/wp\/v2\/comments?post=8811"}],"version-history":[{"count":1,"href":"https:\/\/gyorgyradnai.eu\/wp-json\/wp\/v2\/posts\/8811\/revisions"}],"predecessor-version":[{"id":8813,"href":"https:\/\/gyorgyradnai.eu\/wp-json\/wp\/v2\/posts\/8811\/revisions\/8813"}],"wp:featuredmedia":[{"embeddable":true,"href":"https:\/\/gyorgyradnai.eu\/wp-json\/wp\/v2\/media\/8812"}],"wp:attachment":[{"href":"https:\/\/gyorgyradnai.eu\/wp-json\/wp\/v2\/media?parent=8811"}],"wp:term":[{"taxonomy":"category","embeddable":true,"href":"https:\/\/gyorgyradnai.eu\/wp-json\/wp\/v2\/categories?post=8811"},{"taxonomy":"post_tag","embeddable":true,"href":"https:\/\/gyorgyradnai.eu\/wp-json\/wp\/v2\/tags?post=8811"}],"curies":[{"name":"wp","href":"https:\/\/api.w.org\/{rel}","templated":true}]}}