{"id":969,"date":"2014-08-19T11:04:49","date_gmt":"2014-08-19T10:04:49","guid":{"rendered":"http:\/\/gyorgyradnai.eu\/?p=969"},"modified":"2014-08-19T11:04:49","modified_gmt":"2014-08-19T10:04:49","slug":"politikai-trilemma-dani-rodrik-a-globalizacio-paradoxona","status":"publish","type":"post","link":"https:\/\/gyorgyradnai.eu\/politikai-trilemma-dani-rodrik-a-globalizacio-paradoxona\/","title":{"rendered":"&#8222;Politikai trilemma&#8221; Dani Rodrik: A globaliz\u00e1ci\u00f3 paradoxona&#8230;"},"content":{"rendered":"<p><a href=\"http:\/\/gyorgyradnai.eu\/wp-content\/uploads\/2014\/04\/bomba.jpg\"><img loading=\"lazy\" decoding=\"async\" class=\"alignleft size-medium wp-image-789\" src=\"http:\/\/gyorgyradnai.eu\/wp-content\/uploads\/2014\/04\/bomba-300x204.jpg\" alt=\"bomba\" width=\"300\" height=\"204\" srcset=\"https:\/\/gyorgyradnai.eu\/wp-content\/uploads\/2014\/04\/bomba-300x204.jpg 300w, https:\/\/gyorgyradnai.eu\/wp-content\/uploads\/2014\/04\/bomba.jpg 500w\" sizes=\"auto, (max-width: 300px) 100vw, 300px\" \/><\/a>&#8222;A <a href=\"http:\/\/hocinesze.blog.hu\/2014\/02\/27\/a_globalizacio_paradoxona\" target=\"_blank\">Princetoni<\/a> Egyetem (kor\u00e1bban a Harvard) neves k\u00f6zgazd\u00e1sz professzora, Dani Rodrik A globaliz\u00e1ci\u00f3 paradoxona c\u00edm\u0171 k\u00f6nyv\u00e9nek f\u00f3kusz\u00e1ban a politikai trilemma fogalma \u00e1ll. E politikai trilemma tkp. a gazdas\u00e1gpolitikai trilemma egyfajta \u00e1ltal\u00e1nos\u00edt\u00e1sa. Ha ui. a szabad t\u0151kemozg\u00e1st a globaliz\u00e1ci\u00f3val azonos\u00edtjuk, az \u00f6n\u00e1ll\u00f3 monet\u00e1ris politik\u00e1t \u00e1ltal\u00e1ban a demokr\u00e1ci\u00e1val, amennyiben a megval\u00f3sul\u00f3 gazdas\u00e1gpolitikai mix v\u00e1laszt\u00f3i preferenci\u00e1kat kell t\u00fckr\u00f6zz\u00f6n, a r\u00f6gz\u00edtett valuta\u00e1rfolyamot pedig a vil\u00e1ggazdas\u00e1ghoz kapcsol\u00f3d\u00f3 nemzet\u00e1llammal, akkor el is jutunk a Rodrik-f\u00e9le politikai trilemm\u00e1hoz: egyszerre nem lehet demokr\u00e1cia, globaliz\u00e1ci\u00f3 \u00e9s nemzet\u00e1llam. E h\u00e1rom elemb\u0151l legfeljebb kett\u0151 f\u00e9r meg egy\u00fctt. Rodrik szerint lehet I.) globaliz\u00e1ci\u00f3 \u00e9s nemzet\u00e1llam, de akkor a gazdas\u00e1gpolitika nem a v\u00e1laszt\u00f3i preferenci\u00e1kat fogja t\u00fckr\u00f6zni, hanem a globaliz\u00e1ci\u00f3 imperat\u00edvuszaihoz fog igazodni, vagyis nem lesz demokr\u00e1cia, II.) globaliz\u00e1ci\u00f3 \u00e9s demokr\u00e1cia, de akkor a gazdas\u00e1gpolitik\u00e1nak is nemzet\u00e1llamok felettiv\u00e9 kell v\u00e1lnia, ami viszont nemzetek feletti, f\u00f6der\u00e1lis jelleg\u0171 politika k\u00e9pviseleti \u00e9s korm\u00e1nyz\u00f3 szerveket tesz sz\u00fcks\u00e9gess\u00e9, illetve III.) demokr\u00e1cia \u00e9s nemzet\u00e1llam, de akkor korl\u00e1tozni kell a globaliz\u00e1ci\u00f3t.&#8221;<\/p>\n","protected":false},"excerpt":{"rendered":"<p>&#8222;A Princetoni Egyetem (kor\u00e1bban a Harvard) neves k\u00f6zgazd\u00e1sz professzora, Dani Rodrik A globaliz\u00e1ci\u00f3 paradoxona c\u00edm\u0171 k\u00f6nyv\u00e9nek f\u00f3kusz\u00e1ban a politikai trilemma fogalma \u00e1ll. E politikai trilemma tkp. a gazdas\u00e1gpolitikai trilemma egyfajta \u00e1ltal\u00e1nos\u00edt\u00e1sa. Ha ui. a szabad t\u0151kemozg\u00e1st a globaliz\u00e1ci\u00f3val azonos\u00edtjuk, az \u00f6n\u00e1ll\u00f3 monet\u00e1ris politik\u00e1t \u00e1ltal\u00e1ban a demokr\u00e1ci\u00e1val, amennyiben a megval\u00f3sul\u00f3 gazdas\u00e1gpolitikai mix v\u00e1laszt\u00f3i preferenci\u00e1kat kell t\u00fckr\u00f6zz\u00f6n, [&hellip;]<\/p>\n","protected":false},"author":1,"featured_media":0,"comment_status":"open","ping_status":"open","sticky":false,"template":"","format":"standard","meta":{"footnotes":""},"categories":[6],"tags":[],"class_list":["post-969","post","type-post","status-publish","format-standard","hentry","category-konyv"],"_links":{"self":[{"href":"https:\/\/gyorgyradnai.eu\/wp-json\/wp\/v2\/posts\/969","targetHints":{"allow":["GET"]}}],"collection":[{"href":"https:\/\/gyorgyradnai.eu\/wp-json\/wp\/v2\/posts"}],"about":[{"href":"https:\/\/gyorgyradnai.eu\/wp-json\/wp\/v2\/types\/post"}],"author":[{"embeddable":true,"href":"https:\/\/gyorgyradnai.eu\/wp-json\/wp\/v2\/users\/1"}],"replies":[{"embeddable":true,"href":"https:\/\/gyorgyradnai.eu\/wp-json\/wp\/v2\/comments?post=969"}],"version-history":[{"count":1,"href":"https:\/\/gyorgyradnai.eu\/wp-json\/wp\/v2\/posts\/969\/revisions"}],"predecessor-version":[{"id":970,"href":"https:\/\/gyorgyradnai.eu\/wp-json\/wp\/v2\/posts\/969\/revisions\/970"}],"wp:attachment":[{"href":"https:\/\/gyorgyradnai.eu\/wp-json\/wp\/v2\/media?parent=969"}],"wp:term":[{"taxonomy":"category","embeddable":true,"href":"https:\/\/gyorgyradnai.eu\/wp-json\/wp\/v2\/categories?post=969"},{"taxonomy":"post_tag","embeddable":true,"href":"https:\/\/gyorgyradnai.eu\/wp-json\/wp\/v2\/tags?post=969"}],"curies":[{"name":"wp","href":"https:\/\/api.w.org\/{rel}","templated":true}]}}